{"id":45972,"date":"2013-08-08T17:58:52","date_gmt":"2013-08-08T20:58:52","guid":{"rendered":"http:\/\/www.redenoticia.com.br\/noticia\/?p=45972"},"modified":"2013-08-08T17:58:52","modified_gmt":"2013-08-08T20:58:52","slug":"conab-preve-safra-recorde-de-graos-este-ano","status":"publish","type":"post","link":"https:\/\/migracao.redenoticia.com.br\/noticia\/2013\/conab-preve-safra-recorde-de-graos-este-ano\/45972","title":{"rendered":"Conab prev\u00ea safra recorde de gr\u00e3os este ano"},"content":{"rendered":"<p>Bras\u00edlia \u2013 A <em><strong>safra nacional de gr\u00e3os<\/strong> <\/em>no per\u00edodo 2012\/2013 deve chegar a 186,15 milh\u00f5es de toneladas. Segundo a Companhia Nacional de Abastecimento (Conab), a estimativa de produ\u00e7\u00e3o \u00e9 recorde e apresenta crescimento de 12,1% em rela\u00e7\u00e3o ao per\u00edodo anterior. Esse \u00e9 o 11\u00ba levantamento da companhia, feito entre os dias 22 e 26 de julho.<\/p>\n<p>De acordo com a Conab, o aumento \u00e9 devido, principalmente, \u00e0s culturas de soja e milho da segunda safra, com crescimento das \u00e1reas cultivadas de 10,7% e 17,6%, respectivamente. A produ\u00e7\u00e3o de soja aumentou 22,7% (81,46 milh\u00f5es de toneladas) e a de milho (45,14 milh\u00f5es de toneladas), 15,4%.<br \/>\nO total de \u00e1rea cultivada \u00e9 53,27 milh\u00f5es de hectares. A cultura de soja ocupa a maior \u00e1rea, com 27,72 milh\u00f5es de hectares.<\/p>\n<p>A Conab tamb\u00e9m informou que o estado de S\u00e3o Paulo, respons\u00e1vel por 70% da safra nacional de laranja, ter\u00e1 produ\u00e7\u00e3o comercial para o ano, na safra 2013\/2014, estimada em 296,8 milh\u00f5es de caixas de 40,8 quilos, sendo que 14,7 milh\u00f5es de caixas poder\u00e3o ser de perdas ou de pouca express\u00e3o econ\u00f4mica.<\/p>\n<p>As ind\u00fastrias processadoras de suco v\u00e3o absorver 252,7 milh\u00f5es de caixas (85% do total produzido) e as caixas restantes ser\u00e3o destinadas ao mercado in natura. A \u00e1rea plantada \u00e9 498,5 mil hectares.<\/p>\n<p>No Tri\u00e2ngulo Mineiro a produ\u00e7\u00e3o estimada \u00e9 10,9 milh\u00f5es de caixas, com perdas previstas em 232,8 mil caixas. S\u00e3o 22,7 mil hectares de \u00e1rea total plantada.<\/p>\n<p>Ainda segundo a Conab, a produ\u00e7\u00e3o de cana-de-a\u00e7\u00facar da safra 2013\/2014 deve chegar a 652 milh\u00f5es de toneladas, com aumento de 10,7% sobre as 588,92 milh\u00f5es de toneladas do per\u00edodo anterior.<\/p>\n<p>Kelly Oliveira<br \/>\nRep\u00f3rter da Ag\u00eancia Brasil<br \/>\nEdi\u00e7\u00e3o: Gra\u00e7a Adjuto<\/p>\n","protected":false},"excerpt":{"rendered":"<p>Bras\u00edlia \u2013 A safra nacional de gr\u00e3os no per\u00edodo 2012\/2013 deve chegar a 186,15 milh\u00f5es de toneladas. Segundo a Companhia Nacional de Abastecimento (Conab), a estimativa de produ\u00e7\u00e3o \u00e9 recorde e apresenta crescimento de 12,1% em rela\u00e7\u00e3o ao per\u00edodo anterior. Esse \u00e9 o 11\u00ba levantamento da companhia, feito entre os dias 22 e 26 de [&hellip;]<\/p>\n","protected":false},"author":2,"featured_media":38940,"comment_status":"open","ping_status":"closed","sticky":false,"template":"","format":"standard","meta":{"tdm_status":"","tdm_grid_status":"","footnotes":""},"categories":[22,7],"tags":[],"class_list":{"0":"post-45972","1":"post","2":"type-post","3":"status-publish","4":"format-standard","5":"has-post-thumbnail","7":"category-brasil","8":"category-economia"},"_links":{"self":[{"href":"https:\/\/migracao.redenoticia.com.br\/noticia\/wp-json\/wp\/v2\/posts\/45972","targetHints":{"allow":["GET"]}}],"collection":[{"href":"https:\/\/migracao.redenoticia.com.br\/noticia\/wp-json\/wp\/v2\/posts"}],"about":[{"href":"https:\/\/migracao.redenoticia.com.br\/noticia\/wp-json\/wp\/v2\/types\/post"}],"author":[{"embeddable":true,"href":"https:\/\/migracao.redenoticia.com.br\/noticia\/wp-json\/wp\/v2\/users\/2"}],"replies":[{"embeddable":true,"href":"https:\/\/migracao.redenoticia.com.br\/noticia\/wp-json\/wp\/v2\/comments?post=45972"}],"version-history":[{"count":0,"href":"https:\/\/migracao.redenoticia.com.br\/noticia\/wp-json\/wp\/v2\/posts\/45972\/revisions"}],"wp:featuredmedia":[{"embeddable":true,"href":"https:\/\/migracao.redenoticia.com.br\/noticia\/wp-json\/wp\/v2\/media\/38940"}],"wp:attachment":[{"href":"https:\/\/migracao.redenoticia.com.br\/noticia\/wp-json\/wp\/v2\/media?parent=45972"}],"wp:term":[{"taxonomy":"category","embeddable":true,"href":"https:\/\/migracao.redenoticia.com.br\/noticia\/wp-json\/wp\/v2\/categories?post=45972"},{"taxonomy":"post_tag","embeddable":true,"href":"https:\/\/migracao.redenoticia.com.br\/noticia\/wp-json\/wp\/v2\/tags?post=45972"}],"curies":[{"name":"wp","href":"https:\/\/api.w.org\/{rel}","templated":true}]}}