{"id":45978,"date":"2013-08-08T18:09:34","date_gmt":"2013-08-08T21:09:34","guid":{"rendered":"http:\/\/www.redenoticia.com.br\/noticia\/?p=45978"},"modified":"2013-08-08T18:09:34","modified_gmt":"2013-08-08T21:09:34","slug":"banco-central-do-brasil-retifica-edital-de-abertura-do-concurso-publico","status":"publish","type":"post","link":"https:\/\/migracao.redenoticia.com.br\/noticia\/2013\/banco-central-do-brasil-retifica-edital-de-abertura-do-concurso-publico\/45978","title":{"rendered":"Banco Central do Brasil retifica edital de abertura do concurso p\u00fablico"},"content":{"rendered":"<p>O <em><strong>Banco Central<\/strong> <\/em>do Brasil retificou o edital do <em><strong>concurso p\u00fablico<\/strong><\/em> para preencher vagas no cargo de Procurador do Banco Central do Brasil. Agora, a taxa de inscri\u00e7\u00e3o \u00e9 R$ 195,00. O candidato pode confirmar a participa\u00e7\u00e3o entre 9 e 22 de agosto, pelo\u00a0site<a href=\"http:\/\/www.cespe.unb.br\/concursos\/bacen_13_pgbc\" target=\"_blank\">www.cespe.unb.br\/concursos\/bacen_13_pgbc<\/a>.<\/p>\n<p>Para concorrer a um dos 15 postos, os candidatos dever\u00e3o possuir diploma de conclus\u00e3o de curso de gradua\u00e7\u00e3o de n\u00edvel superior de bacharelado em Direito fornecido por institui\u00e7\u00e3o credenciada pelo Minist\u00e9rio da Educa\u00e7\u00e3o (MEC), inscri\u00e7\u00e3o na Ordem dos Advogados do Brasil (OAB) e comprova\u00e7\u00e3o de, no m\u00ednimo, dois anos de pr\u00e1tica forense. O subs\u00eddio \u00e9 R$ 15.719,13, para uma jornada de trabalho de 40 horas semanais.<\/p>\n<p>O concurso p\u00fablico ter\u00e1 duas etapas. A primeira est\u00e1 dividida em prova objetiva, inscri\u00e7\u00e3o definitiva, tr\u00eas provas discursivas, prova oral, al\u00e9m de avalia\u00e7\u00e3o de t\u00edtulos. A segunda etapa ser\u00e1 composta de Curso de Forma\u00e7\u00e3o.<\/p>\n<p>A prova objetiva, prevista para ocorrer em 6 de outubro, a inscri\u00e7\u00e3o definitiva, as provas discursivas, a entrega dos t\u00edtulos, a entrega da documenta\u00e7\u00e3o relativa \u00e0 vida pregressa e, ainda, a per\u00edcia m\u00e9dica dos candidatos que se declararem com defici\u00eancia ser\u00e3o realizadas nas cidades de Bel\u00e9m (PA), Belo Horizonte (MG), Bras\u00edlia (DF), Curitiba (PR), Fortaleza (CE), Porto Alegre (RS), Recife (PE), Rio de Janeiro (RJ), Salvador (BA) e S\u00e3o Paulo (SP).\u00a0 J\u00e1 a prova oral e o Curso de Forma\u00e7\u00e3o acontecer\u00e3o em Bras\u00edlia (DF).<\/p>\n<p>SERVI\u00c7O<br \/>\nConcurso:\u00a0Banco Central do Brasil<br \/>\nVagas:\u00a015, com uma reservada para candidatos com defici\u00eancia<br \/>\nInscri\u00e7\u00f5es:\u00a0entre 9 e 22 de agosto<br \/>\nTaxa:\u00a0R$ 195,00<br \/>\nSubs\u00eddio:\u00a0R$ 15.719,13<br \/>\nProva objetiva:\u00a06 de outubro<\/p>\n<p>CONTATO<br \/>\nOutras informa\u00e7\u00f5es no\u00a0site\u00a0<a href=\"http:\/\/www.cespe.unb.br\/concursos\/bacen_13_pgbc\" target=\"_blank\">www.cespe.unb.br\/concursos\/bacen_13_pgbc<\/a>\u00a0ou na Central de Atendimento do Cespe\/UnB, de segunda a sexta, das 8h \u00e0s 19h \u2013 Campus Universit\u00e1rio Darcy Ribeiro, Sede do Cespe\/UnB \u2013 pelo telefone (61) 3448 0100.<\/p>\n","protected":false},"excerpt":{"rendered":"<p>O Banco Central do Brasil retificou o edital do concurso p\u00fablico para preencher vagas no cargo de Procurador do Banco Central do Brasil. Agora, a taxa de inscri\u00e7\u00e3o \u00e9 R$ 195,00. O candidato pode confirmar a participa\u00e7\u00e3o entre 9 e 22 de agosto, pelo\u00a0sitewww.cespe.unb.br\/concursos\/bacen_13_pgbc. Para concorrer a um dos 15 postos, os candidatos dever\u00e3o possuir [&hellip;]<\/p>\n","protected":false},"author":2,"featured_media":28960,"comment_status":"open","ping_status":"closed","sticky":false,"template":"","format":"standard","meta":{"tdm_status":"","tdm_grid_status":"","footnotes":""},"categories":[22,352,370],"tags":[],"class_list":{"0":"post-45978","1":"post","2":"type-post","3":"status-publish","4":"format-standard","5":"has-post-thumbnail","7":"category-brasil","8":"category-concursos","9":"category-inscricao"},"_links":{"self":[{"href":"https:\/\/migracao.redenoticia.com.br\/noticia\/wp-json\/wp\/v2\/posts\/45978","targetHints":{"allow":["GET"]}}],"collection":[{"href":"https:\/\/migracao.redenoticia.com.br\/noticia\/wp-json\/wp\/v2\/posts"}],"about":[{"href":"https:\/\/migracao.redenoticia.com.br\/noticia\/wp-json\/wp\/v2\/types\/post"}],"author":[{"embeddable":true,"href":"https:\/\/migracao.redenoticia.com.br\/noticia\/wp-json\/wp\/v2\/users\/2"}],"replies":[{"embeddable":true,"href":"https:\/\/migracao.redenoticia.com.br\/noticia\/wp-json\/wp\/v2\/comments?post=45978"}],"version-history":[{"count":0,"href":"https:\/\/migracao.redenoticia.com.br\/noticia\/wp-json\/wp\/v2\/posts\/45978\/revisions"}],"wp:featuredmedia":[{"embeddable":true,"href":"https:\/\/migracao.redenoticia.com.br\/noticia\/wp-json\/wp\/v2\/media\/28960"}],"wp:attachment":[{"href":"https:\/\/migracao.redenoticia.com.br\/noticia\/wp-json\/wp\/v2\/media?parent=45978"}],"wp:term":[{"taxonomy":"category","embeddable":true,"href":"https:\/\/migracao.redenoticia.com.br\/noticia\/wp-json\/wp\/v2\/categories?post=45978"},{"taxonomy":"post_tag","embeddable":true,"href":"https:\/\/migracao.redenoticia.com.br\/noticia\/wp-json\/wp\/v2\/tags?post=45978"}],"curies":[{"name":"wp","href":"https:\/\/api.w.org\/{rel}","templated":true}]}}