{"id":45981,"date":"2013-08-08T18:12:56","date_gmt":"2013-08-08T21:12:56","guid":{"rendered":"http:\/\/www.redenoticia.com.br\/noticia\/?p=45981"},"modified":"2013-08-08T18:12:56","modified_gmt":"2013-08-08T21:12:56","slug":"terceiro-lote-de-restituicoes-do-ir-2013","status":"publish","type":"post","link":"https:\/\/migracao.redenoticia.com.br\/noticia\/2013\/terceiro-lote-de-restituicoes-do-ir-2013\/45981","title":{"rendered":"Terceiro lote de restitui\u00e7\u00f5es do IR 2013"},"content":{"rendered":"<p>Bras\u00edlia \u2013 A Receita Federal liberou a consulta ao terceiro lote de <em><strong>restitui\u00e7\u00f5es do Imposto de Renda<\/strong><\/em>. O dinheiro ser\u00e1 depositado no pr\u00f3ximo dia 15\/08. Ser\u00e3o 1,099 milh\u00e3o de contribuintes. O valor est\u00e1 acrescido de 2,93%. No lote, foram liberadas tamb\u00e9m declara\u00e7\u00f5es de anos anteriores que estavam retidas na malha fina desde 2008<\/p>\n<p>Para saber se a restitui\u00e7\u00e3o foi liberada, o contribuinte dever\u00e1 acessar a p\u00e1gina da Receita na internet ou ligar para o n\u00famero 146. A Receita Federal disponibiliza ainda aplicativo para consulta por meio de tablets e smarthphones.<\/p>\n<p>A restitui\u00e7\u00e3o do IR fica dispon\u00edvel no banco durante um ano. Se o contribuinte n\u00e3o fizer o resgate esse prazo, dever\u00e1 requer\u00ea-lo na p\u00e1gina da Receita na internet, mediante o Formul\u00e1rio Eletr\u00f4nico &#8211; Pedido de Pagamento de Restitui\u00e7\u00e3o, ou diretamente no Centro Virtual de Atendimento ao Contribuinte (e-CAC).<\/p>\n<p>A Receita lembra que caso o valor n\u00e3o seja creditado, o contribuinte poder\u00e1 contatar pessoalmente qualquer ag\u00eancia do Banco do Brasil ou ligar para os n\u00fameros 4004-0001, nas capitais, e 0800-729-0001, nas demais localidades, para agendar o cr\u00e9dito em conta-corrente ou poupan\u00e7a, em seu nome, em qualquer banco.<\/p>\n<p>Daniel Lima e Mariana Branco<br \/>\nRep\u00f3rteres da Ag\u00eancia Brasil<br \/>\nEdi\u00e7\u00e3o: N\u00e1dia Franco<\/p>\n","protected":false},"excerpt":{"rendered":"<p>Bras\u00edlia \u2013 A Receita Federal liberou a consulta ao terceiro lote de restitui\u00e7\u00f5es do Imposto de Renda. O dinheiro ser\u00e1 depositado no pr\u00f3ximo dia 15\/08. Ser\u00e3o 1,099 milh\u00e3o de contribuintes. O valor est\u00e1 acrescido de 2,93%. No lote, foram liberadas tamb\u00e9m declara\u00e7\u00f5es de anos anteriores que estavam retidas na malha fina desde 2008 Para saber [&hellip;]<\/p>\n","protected":false},"author":2,"featured_media":23889,"comment_status":"open","ping_status":"closed","sticky":false,"template":"","format":"standard","meta":{"tdm_status":"","tdm_grid_status":"","footnotes":""},"categories":[22,7],"tags":[],"class_list":{"0":"post-45981","1":"post","2":"type-post","3":"status-publish","4":"format-standard","5":"has-post-thumbnail","7":"category-brasil","8":"category-economia"},"_links":{"self":[{"href":"https:\/\/migracao.redenoticia.com.br\/noticia\/wp-json\/wp\/v2\/posts\/45981","targetHints":{"allow":["GET"]}}],"collection":[{"href":"https:\/\/migracao.redenoticia.com.br\/noticia\/wp-json\/wp\/v2\/posts"}],"about":[{"href":"https:\/\/migracao.redenoticia.com.br\/noticia\/wp-json\/wp\/v2\/types\/post"}],"author":[{"embeddable":true,"href":"https:\/\/migracao.redenoticia.com.br\/noticia\/wp-json\/wp\/v2\/users\/2"}],"replies":[{"embeddable":true,"href":"https:\/\/migracao.redenoticia.com.br\/noticia\/wp-json\/wp\/v2\/comments?post=45981"}],"version-history":[{"count":0,"href":"https:\/\/migracao.redenoticia.com.br\/noticia\/wp-json\/wp\/v2\/posts\/45981\/revisions"}],"wp:featuredmedia":[{"embeddable":true,"href":"https:\/\/migracao.redenoticia.com.br\/noticia\/wp-json\/wp\/v2\/media\/23889"}],"wp:attachment":[{"href":"https:\/\/migracao.redenoticia.com.br\/noticia\/wp-json\/wp\/v2\/media?parent=45981"}],"wp:term":[{"taxonomy":"category","embeddable":true,"href":"https:\/\/migracao.redenoticia.com.br\/noticia\/wp-json\/wp\/v2\/categories?post=45981"},{"taxonomy":"post_tag","embeddable":true,"href":"https:\/\/migracao.redenoticia.com.br\/noticia\/wp-json\/wp\/v2\/tags?post=45981"}],"curies":[{"name":"wp","href":"https:\/\/api.w.org\/{rel}","templated":true}]}}