{"id":45986,"date":"2013-08-08T18:19:47","date_gmt":"2013-08-08T21:19:47","guid":{"rendered":"http:\/\/www.redenoticia.com.br\/noticia\/?p=45986"},"modified":"2013-08-08T18:19:47","modified_gmt":"2013-08-08T21:19:47","slug":"ministro-do-esporte-admite-que-atraso-em-obras-pode-comprometer-copa","status":"publish","type":"post","link":"https:\/\/migracao.redenoticia.com.br\/noticia\/2013\/ministro-do-esporte-admite-que-atraso-em-obras-pode-comprometer-copa\/45986","title":{"rendered":"Ministro do Esporte admite que atraso em obras pode comprometer Copa"},"content":{"rendered":"<p>Bras\u00edlia \u2013 O ministro do Esporte, Aldo Rebelo, admitiu que o atraso das obras previstas para a <em><strong>Copa do Mundo<\/strong><\/em> pode comprometer o evento marcado para 2014. No caso dos est\u00e1dios, h\u00e1 problemas em quest\u00f5es de acessibilidade, seguran\u00e7a e mobilidade. Rebelo, no entanto, considerou positivo o saldo da Copa das Confedera\u00e7\u00f5es, disputada em junho, tanto na quest\u00e3o da seguran\u00e7a, como em rela\u00e7\u00e3o \u00e0s conquistas econ\u00f4micas, em especial com a gera\u00e7\u00e3o de empregos e renda.<\/p>\n<p>A Copa das Confedera\u00e7\u00f5es deixou li\u00e7\u00f5es, diz o ministro. Entre elas, a de que a antecipa\u00e7\u00e3o de opera\u00e7\u00f5es resulta em efici\u00eancia. \u201cCreio que a principal [li\u00e7\u00e3o] \u00e9 a necessidade de cumprimento do cronograma e do calend\u00e1rio. Quando atrasam, as obras comprometem todos eventos que [elas] antecedem. No caso, a Copa das Confedera\u00e7\u00f5es e, no futuro, a Copa do Mundo. Comprometem a efici\u00eancia, a seguran\u00e7a, o conforto. E os est\u00e1dios respondem naturalmente com problemas na acessibilidade, no reconhecimento dos locais, na seguran\u00e7a e na mobilidade\u201d, disse Rebelo durante entrevista ao programa programa Bom Dia, Ministro , produzido pela Secretaria de Comunica\u00e7\u00e3o Social da Presid\u00eancia da Rep\u00fablica, em parceria com a EBC Servi\u00e7os.<\/p>\n<p>\u201cPode parecer uma contradi\u00e7\u00e3o ou paradoxo, mas achamos que [o resultado na \u00e1rea de seguran\u00e7a] foi positivo porque tivemos a Copa das Confedera\u00e7\u00f5es submetida a um momento de grandes manifesta\u00e7\u00f5es no pa\u00eds inteiro, nas via de acessos a est\u00e1dios, nos aeroportos, na rede hoteleira. Mesmo assim, n\u00e3o houve preju\u00edzo aos torcedores e \u00e0s delega\u00e7\u00f5es nos deslocamentos\u201d, complementou Rebelo, ap\u00f3s participar do programa.<\/p>\n<p>Ele aponta como resultado positivo as conquistas econ\u00f4micas. \u201cConseguimos atrair quase mil empres\u00e1rios para fazer neg\u00f3cios no Brasil e tivemos gera\u00e7\u00e3o de empregos e renda. Vamos nos esfor\u00e7ar para que o Brasil tenha todos os ganhos. N\u00e3o apenas os 3,6 milh\u00f5es de empregos, mas tamb\u00e9m o ganho da imagem do nosso pa\u00eds e da nossa capacidade\u201d, destacou o ministro.<\/p>\n<p>Pedro Peduzzi<br \/>\nRep\u00f3rter da Ag\u00eancia Brasil<\/p>\n<p>Edi\u00e7\u00e3o: Beto Coura<\/p>\n","protected":false},"excerpt":{"rendered":"<p>Bras\u00edlia \u2013 O ministro do Esporte, Aldo Rebelo, admitiu que o atraso das obras previstas para a Copa do Mundo pode comprometer o evento marcado para 2014. No caso dos est\u00e1dios, h\u00e1 problemas em quest\u00f5es de acessibilidade, seguran\u00e7a e mobilidade. Rebelo, no entanto, considerou positivo o saldo da Copa das Confedera\u00e7\u00f5es, disputada em junho, tanto [&hellip;]<\/p>\n","protected":false},"author":2,"featured_media":30249,"comment_status":"open","ping_status":"closed","sticky":false,"template":"","format":"standard","meta":{"tdm_status":"","tdm_grid_status":"","footnotes":""},"categories":[22],"tags":[],"class_list":{"0":"post-45986","1":"post","2":"type-post","3":"status-publish","4":"format-standard","5":"has-post-thumbnail","7":"category-brasil"},"_links":{"self":[{"href":"https:\/\/migracao.redenoticia.com.br\/noticia\/wp-json\/wp\/v2\/posts\/45986","targetHints":{"allow":["GET"]}}],"collection":[{"href":"https:\/\/migracao.redenoticia.com.br\/noticia\/wp-json\/wp\/v2\/posts"}],"about":[{"href":"https:\/\/migracao.redenoticia.com.br\/noticia\/wp-json\/wp\/v2\/types\/post"}],"author":[{"embeddable":true,"href":"https:\/\/migracao.redenoticia.com.br\/noticia\/wp-json\/wp\/v2\/users\/2"}],"replies":[{"embeddable":true,"href":"https:\/\/migracao.redenoticia.com.br\/noticia\/wp-json\/wp\/v2\/comments?post=45986"}],"version-history":[{"count":0,"href":"https:\/\/migracao.redenoticia.com.br\/noticia\/wp-json\/wp\/v2\/posts\/45986\/revisions"}],"wp:featuredmedia":[{"embeddable":true,"href":"https:\/\/migracao.redenoticia.com.br\/noticia\/wp-json\/wp\/v2\/media\/30249"}],"wp:attachment":[{"href":"https:\/\/migracao.redenoticia.com.br\/noticia\/wp-json\/wp\/v2\/media?parent=45986"}],"wp:term":[{"taxonomy":"category","embeddable":true,"href":"https:\/\/migracao.redenoticia.com.br\/noticia\/wp-json\/wp\/v2\/categories?post=45986"},{"taxonomy":"post_tag","embeddable":true,"href":"https:\/\/migracao.redenoticia.com.br\/noticia\/wp-json\/wp\/v2\/tags?post=45986"}],"curies":[{"name":"wp","href":"https:\/\/api.w.org\/{rel}","templated":true}]}}