{"id":45993,"date":"2013-08-08T19:34:29","date_gmt":"2013-08-08T22:34:29","guid":{"rendered":"http:\/\/www.redenoticia.com.br\/noticia\/?p=45993"},"modified":"2013-08-08T19:34:29","modified_gmt":"2013-08-08T22:34:29","slug":"flor-do-caribe-bibiana-enfrenta-dionisio","status":"publish","type":"post","link":"https:\/\/migracao.redenoticia.com.br\/noticia\/2013\/flor-do-caribe-bibiana-enfrenta-dionisio\/45993","title":{"rendered":"Flor do Caribe &#8211; Bibiana enfrenta Dion\u00edsio"},"content":{"rendered":"<p><a href=\"https:\/\/migracao.redenoticia.com.br\/noticia\/imagens\/flor-do-caribe-resumo-novela-capitulo-episodio-rede-globo-proximo.jpg\"><img loading=\"lazy\" decoding=\"async\" class=\"alignleft size-medium wp-image-45196\" alt=\"flor do caribe resumo novela capitulo episodio rede globo proximo\" src=\"https:\/\/migracao.redenoticia.com.br\/noticia\/imagens\/flor-do-caribe-resumo-novela-capitulo-episodio-rede-globo-proximo-250x160.jpg\" width=\"250\" height=\"160\" \/><\/a><strong><em>Flor do Caribe<\/em><\/strong> &#8211; depois de saber que H\u00e9lio (Raphael Viana) foi parar atr\u00e1s das grades, Bibiana (Cyria Coentro) n\u00e3o pensa duas vezes antes de soltar o que estava entalado na garganta bem na cara de Dion\u00edsio (S\u00e9rgio Mamberti). A cozinheira corre at\u00e9 a mans\u00e3o e enfrenta o milion\u00e1rio: &#8220;Fa\u00e7a o que quiser comigo, porque nada vai me doer mais do que isso que t\u00e1 fazendo com o meu filho! Voc\u00ea acabou com a vida do H\u00e9lio.&#8221; Alberto (Igor Rickli) chega bem na hora e aparta a discuss\u00e3o entre os dois, antes que Bibiana v\u00e1 com tudo para cima de Dion\u00edsio. Sem deixar barato, ela tasca o maior tap\u00e3o na cara do rapaz e sai correndo dali, aos prantos. Alberto garante ao av\u00f4 que est\u00e1 fora dessa hist\u00f3ria e n\u00e3o vai ajud\u00e1-lo a resolver nada. &#8220;O senhor n\u00e3o preferiu contar com o H\u00e9lio, em vez de mim, pra matar o s\u00eao Samuel? Agora vire-se&#8221;, diz.<\/p>\n<p>Fonte Rede Globo \u2013 novela Flor do Caribe<\/p>\n<p>A hist\u00f3ria se passa na fict\u00edcia Vila dos Ventos. Flor do Caribe apresenta parte do elenco estreante na televis\u00e3o. \u00c9 o caso do ator Igor Rickli, do uruguaio Cesar Troncoso e da argentina Moro Anghileri. Na novela, amigos de inf\u00e2ncia se tornam rivais por um grande amor. Cassiano (Henri Castelli), Ester (Grazi Massafera) e Alberto (Igor Rickli) s\u00e3o amigos de inf\u00e2ncia em Flor do Caribe. Segundo a Rede Globo as temporadas de f\u00e9rias em Vila dos Ventos, uma cidade no litoral do Rio Grande do Norte, aproximaram os tr\u00eas, mas suas vidas seguiram caminhos distintos. Alberto se afasta por alguns anos para receber a forma\u00e7\u00e3o que lhe cabe como herdeiro do imp\u00e9rio constru\u00eddo pela fam\u00edlia Albuquerque, enquanto Ester e Cassiano vivem o amor que sentem um pelo outro e lutam para alcan\u00e7ar seus objetivos.<\/p>\n","protected":false},"excerpt":{"rendered":"<p>Flor do Caribe &#8211; depois de saber que H\u00e9lio (Raphael Viana) foi parar atr\u00e1s das grades, Bibiana (Cyria Coentro) n\u00e3o pensa duas vezes antes de soltar o que estava entalado na garganta bem na cara de Dion\u00edsio (S\u00e9rgio Mamberti). A cozinheira corre at\u00e9 a mans\u00e3o e enfrenta o milion\u00e1rio: &#8220;Fa\u00e7a o que quiser comigo, porque [&hellip;]<\/p>\n","protected":false},"author":2,"featured_media":45196,"comment_status":"open","ping_status":"closed","sticky":false,"template":"","format":"standard","meta":{"tdm_status":"","tdm_grid_status":"","footnotes":""},"categories":[379,375,343],"tags":[],"class_list":{"0":"post-45993","1":"post","2":"type-post","3":"status-publish","4":"format-standard","5":"has-post-thumbnail","7":"category-novelas","8":"category-rede-globo","9":"category-televisao"},"_links":{"self":[{"href":"https:\/\/migracao.redenoticia.com.br\/noticia\/wp-json\/wp\/v2\/posts\/45993","targetHints":{"allow":["GET"]}}],"collection":[{"href":"https:\/\/migracao.redenoticia.com.br\/noticia\/wp-json\/wp\/v2\/posts"}],"about":[{"href":"https:\/\/migracao.redenoticia.com.br\/noticia\/wp-json\/wp\/v2\/types\/post"}],"author":[{"embeddable":true,"href":"https:\/\/migracao.redenoticia.com.br\/noticia\/wp-json\/wp\/v2\/users\/2"}],"replies":[{"embeddable":true,"href":"https:\/\/migracao.redenoticia.com.br\/noticia\/wp-json\/wp\/v2\/comments?post=45993"}],"version-history":[{"count":0,"href":"https:\/\/migracao.redenoticia.com.br\/noticia\/wp-json\/wp\/v2\/posts\/45993\/revisions"}],"wp:featuredmedia":[{"embeddable":true,"href":"https:\/\/migracao.redenoticia.com.br\/noticia\/wp-json\/wp\/v2\/media\/45196"}],"wp:attachment":[{"href":"https:\/\/migracao.redenoticia.com.br\/noticia\/wp-json\/wp\/v2\/media?parent=45993"}],"wp:term":[{"taxonomy":"category","embeddable":true,"href":"https:\/\/migracao.redenoticia.com.br\/noticia\/wp-json\/wp\/v2\/categories?post=45993"},{"taxonomy":"post_tag","embeddable":true,"href":"https:\/\/migracao.redenoticia.com.br\/noticia\/wp-json\/wp\/v2\/tags?post=45993"}],"curies":[{"name":"wp","href":"https:\/\/api.w.org\/{rel}","templated":true}]}}