{"id":46,"date":"2009-03-30T23:36:00","date_gmt":"2009-03-31T02:36:00","guid":{"rendered":"http:\/\/www.redenoticia.com.br\/noticia\/?p=46"},"modified":"2009-04-10T16:59:14","modified_gmt":"2009-04-10T19:59:14","slug":"resultado-da-4%c2%aa-copa-alvorada-de-karate","status":"publish","type":"post","link":"https:\/\/migracao.redenoticia.com.br\/noticia\/2009\/resultado-da-4%c2%aa-copa-alvorada-de-karate\/46","title":{"rendered":"Resultado da 4\u00aa COPA ALVORADA DE KARAT\u00ca"},"content":{"rendered":"\n<p class=\"style5\">A Associa\u00e7\u00e3o F\u00eanix de Karate Shotokan, da cidade de Alvorada Do Oeste, sob dire\u00e7\u00e3o do Sensei Adriano Franco, realizou nos dia 28 e 29 de Mar\u00e7o na quadra municipal de esportes no centro de Alvorada Do Oeste, a 1\u00aa Fase estadual 2009, do ranking da FEKIR &#8211; Federa\u00e7\u00e3o Estadual de Karat\u00ea Interestilos de Rond\u00f4nia.<\/p>\n<p class=\"MsoNormal\"><span>Competiram 250 atletas divididos em 12 associa\u00e7\u00f5es do estado. Segue o resultado:<\/span><\/p>\n<p class=\"MsoNormal\">\n<div>\n<table cellpadding=\"0\" width=\"400\" border=\"1\" class=\"MsoNormalTable\">\n<tbody>\n<tr>\n<td width=\"109\">\n<p class=\"MsoNormal\"><strong><span>COLOCA\u00c7\u00c3O<\/span><\/strong><\/p>\n<\/td>\n<td width=\"211\">\n<p class=\"MsoNormal\"><strong><span>ASSOCIA\u00c7\u00c3O<\/span><\/strong><\/p>\n<\/td>\n<td width=\"72\">\n<p class=\"MsoNormal\"><strong><span>PONTOS<\/span><\/strong><\/p>\n<\/td>\n<\/tr>\n<tr>\n<td>\n<p class=\"MsoNormal\"><span class=\"style31\">01\u00ba<\/span><\/p>\n<\/td>\n<td>\n<p class=\"MsoNormal\"><span class=\"style81\"><span>Stillu&#8217;s<\/span><\/span><\/p>\n<\/td>\n<td>\n<p class=\"MsoNormal\"><span class=\"style31\">246<\/span><\/p>\n<\/td>\n<\/tr>\n<tr>\n<td>\n<p class=\"MsoNormal\"><span class=\"style31\">02\u00ba<\/span><\/p>\n<\/td>\n<td>\n<p class=\"MsoNormal\"><span class=\"style31\">Fenix<\/span><\/p>\n<\/td>\n<td>\n<p class=\"MsoNormal\"><span class=\"style31\">196<\/span><\/p>\n<\/td>\n<\/tr>\n<tr>\n<td>\n<p class=\"MsoNormal\"><span class=\"style31\">03\u00ba<\/span><\/p>\n<\/td>\n<td>\n<p class=\"MsoNormal\"><span class=\"style81\"><span>Impacto<\/span><\/span><\/p>\n<\/td>\n<td>\n<p class=\"MsoNormal\"><span class=\"style31\">193<\/span><\/p>\n<\/td>\n<\/tr>\n<tr>\n<td>\n<p class=\"MsoNormal\"><span class=\"style31\">04\u00ba<\/span><\/p>\n<\/td>\n<td>\n<p class=\"MsoNormal\"><span class=\"style31\">P. Drag\u00e3o<\/span><\/p>\n<\/td>\n<td>\n<p class=\"MsoNormal\"><span class=\"style31\">190<\/span><\/p>\n<\/td>\n<\/tr>\n<tr>\n<td>\n<p class=\"MsoNormal\"><span class=\"style31\">05\u00ba<\/span><\/p>\n<\/td>\n<td>\n<p class=\"MsoNormal\"><span class=\"style81\"><span>Nakayama<\/span><\/span><\/p>\n<\/td>\n<td>\n<p class=\"MsoNormal\"><span class=\"style31\">84<\/span><\/p>\n<\/td>\n<\/tr>\n<tr>\n<td>\n<p class=\"MsoNormal\"><span class=\"style31\">06\u00ba<\/span><\/p>\n<\/td>\n<td>\n<p class=\"MsoNormal\"><span class=\"style31\">Drag\u00f5es do Norte<\/span><\/p>\n<\/td>\n<td>\n<p class=\"MsoNormal\"><span class=\"style31\">81<\/span><\/p>\n<\/td>\n<\/tr>\n<tr>\n<td>\n<p class=\"MsoNormal\"><span class=\"style31\">07\u00ba<\/span><\/p>\n<\/td>\n<td>\n<p class=\"MsoNormal\"><span class=\"style81\"><span>Aguia Dourada<\/span><\/span><\/p>\n<\/td>\n<td>\n<p class=\"MsoNormal\"><span class=\"style31\">44<\/span><\/p>\n<\/td>\n<\/tr>\n<tr>\n<td>\n<p class=\"MsoNormal\"><span class=\"style31\">08\u00ba<\/span><\/p>\n<\/td>\n<td>\n<p class=\"MsoNormal\"><span class=\"style31\">Tai Ki Shin<\/span><\/p>\n<\/td>\n<td>\n<p class=\"MsoNormal\"><span class=\"style31\">15<\/span><\/p>\n<\/td>\n<\/tr>\n<tr>\n<td>\n<p class=\"MsoNormal\"><span class=\"style31\">09\u00ba<\/span><\/p>\n<\/td>\n<td>\n<p class=\"MsoNormal\"><span class=\"style81\"><span>Nyumom<\/span><\/span><\/p>\n<\/td>\n<td>\n<p class=\"MsoNormal\"><span class=\"style31\">10<\/span><\/p>\n<\/td>\n<\/tr>\n<tr>\n<td>\n<p class=\"MsoNormal\"><span class=\"style31\">10\u00ba<\/span><\/p>\n<\/td>\n<td>\n<p class=\"MsoNormal\"><span class=\"style31\">Esporte Saude<\/span><\/p>\n<\/td>\n<td>\n<p class=\"MsoNormal\"><span class=\"style31\">05<\/span><\/p>\n<\/td>\n<\/tr>\n<tr>\n<td>\n<p class=\"MsoNormal\"><span class=\"style31\">11\u00ba<\/span><\/p>\n<\/td>\n<td>\n<p class=\"MsoNormal\"><span class=\"style81\"><span>Guarda Mirim Urupa<\/span><\/span><\/p>\n<\/td>\n<td>\n<p class=\"MsoNormal\"><span class=\"style31\">03<\/span><\/p>\n<\/td>\n<\/tr>\n<tr>\n<td>\n<p class=\"MsoNormal\"><span class=\"style31\">12\u00ba<\/span><\/p>\n<\/td>\n<td>\n<p class=\"MsoNormal\"><span class=\"style31\">Bushido<\/span><\/p>\n<\/td>\n<td>\n<p class=\"MsoNormal\"><span class=\"style31\">01<\/span><\/p>\n<\/td>\n<\/tr>\n<\/tbody>\n<\/table><\/div>\n<p class=\"MsoNormal\">\n<p class=\"MsoNormal\">\n<p class=\"MsoNormal\">Fonte FEKIR<\/p>\n","protected":false},"excerpt":{"rendered":"<p>A Associa\u00e7\u00e3o F\u00eanix de Karate Shotokan, da cidade de Alvorada Do Oeste, sob dire\u00e7\u00e3o do Sensei Adriano Franco, realizou nos dia 28 e 29 de Mar\u00e7o na quadra municipal de esportes no centro de Alvorada Do Oeste, a 1\u00aa Fase estadual 2009, do ranking da FEKIR &#8211; Federa\u00e7\u00e3o Estadual de Karat\u00ea Interestilos de Rond\u00f4nia. Competiram [&hellip;]<\/p>\n","protected":false},"author":2,"featured_media":0,"comment_status":"open","ping_status":"open","sticky":false,"template":"","format":"standard","meta":{"tdm_status":"","tdm_grid_status":"","footnotes":""},"categories":[22],"tags":[],"class_list":{"0":"post-46","1":"post","2":"type-post","3":"status-publish","4":"format-standard","6":"category-brasil"},"_links":{"self":[{"href":"https:\/\/migracao.redenoticia.com.br\/noticia\/wp-json\/wp\/v2\/posts\/46","targetHints":{"allow":["GET"]}}],"collection":[{"href":"https:\/\/migracao.redenoticia.com.br\/noticia\/wp-json\/wp\/v2\/posts"}],"about":[{"href":"https:\/\/migracao.redenoticia.com.br\/noticia\/wp-json\/wp\/v2\/types\/post"}],"author":[{"embeddable":true,"href":"https:\/\/migracao.redenoticia.com.br\/noticia\/wp-json\/wp\/v2\/users\/2"}],"replies":[{"embeddable":true,"href":"https:\/\/migracao.redenoticia.com.br\/noticia\/wp-json\/wp\/v2\/comments?post=46"}],"version-history":[{"count":0,"href":"https:\/\/migracao.redenoticia.com.br\/noticia\/wp-json\/wp\/v2\/posts\/46\/revisions"}],"wp:attachment":[{"href":"https:\/\/migracao.redenoticia.com.br\/noticia\/wp-json\/wp\/v2\/media?parent=46"}],"wp:term":[{"taxonomy":"category","embeddable":true,"href":"https:\/\/migracao.redenoticia.com.br\/noticia\/wp-json\/wp\/v2\/categories?post=46"},{"taxonomy":"post_tag","embeddable":true,"href":"https:\/\/migracao.redenoticia.com.br\/noticia\/wp-json\/wp\/v2\/tags?post=46"}],"curies":[{"name":"wp","href":"https:\/\/api.w.org\/{rel}","templated":true}]}}