{"id":46018,"date":"2013-08-09T17:39:02","date_gmt":"2013-08-09T20:39:02","guid":{"rendered":"http:\/\/www.redenoticia.com.br\/noticia\/?p=46018"},"modified":"2013-08-09T17:39:02","modified_gmt":"2013-08-09T20:39:02","slug":"a-c-camargo-abre-inscricoes-para-programa-de-iniciacao-cientifica","status":"publish","type":"post","link":"https:\/\/migracao.redenoticia.com.br\/noticia\/2013\/a-c-camargo-abre-inscricoes-para-programa-de-iniciacao-cientifica\/46018","title":{"rendered":"A.C. Camargo abre inscri\u00e7\u00f5es para programa de inicia\u00e7\u00e3o cient\u00edfica"},"content":{"rendered":"<p>Ag\u00eancia FAPESP\u00a0\u2013 O Conselho de P\u00f3s-Gradua\u00e7\u00e3o do A.C. Camargo Cancer Center est\u00e1 com inscri\u00e7\u00f5es abertas, at\u00e9 dia 23 de agosto, para o Programa Institucional de <em><strong>Bolsas de Inicia\u00e7\u00e3o Cient\u00edfica<\/strong><\/em> (Pibic).<\/p>\n<p>Com o objetivo de introduzir o aluno de gradua\u00e7\u00e3o ao mundo da pesquisa cient\u00edfica, o programa tem dura\u00e7\u00e3o de 12 meses e conta com o apoio da FAPESP e do Conselho Nacional de Desenvolvimento Cient\u00edfico e Tecnol\u00f3gico (CNPq).<\/p>\n<p>Para participar do programa, os estudantes devem ter conclu\u00eddo os dois primeiros semestres do curso de gradua\u00e7\u00e3o. Os interessados tamb\u00e9m ter\u00e3o o curr\u00edculo e o hist\u00f3rico escolar avaliados e passar\u00e3o por uma entrevista com a Comiss\u00e3o de Inicia\u00e7\u00e3o Cient\u00edfica.<\/p>\n<p>Neste segundo semestre, o programa oferecer\u00e1 vagas em seis linhas de pesquisa em desenvolvimento no A. C. Camargo. A equipe de orientadores dos projetos \u00e9 formada por pesquisadores com t\u00edtulo de doutor que, entre outras atribui\u00e7\u00f5es, pretendem estimular o aumento da produ\u00e7\u00e3o cient\u00edfica envolvendo novos orientadores.<\/p>\n<p>\u201cO foco \u00e9 despertar a voca\u00e7\u00e3o cient\u00edfica e incentivar talentos potenciais mediante suas participa\u00e7\u00f5es em projetos de pesquisa, introduzindo o jovem universit\u00e1rio no dom\u00ednio do m\u00e9todo cient\u00edfico e preparando-o para a p\u00f3s-gradua\u00e7\u00e3o\u201d, disse Gl\u00e1ucia Hajj, coordenadora do programa.<\/p>\n<p>O A.C. Camargo Cancer Center \u00e9 refer\u00eancia na preven\u00e7\u00e3o, diagn\u00f3stico, tratamento, ensino e pesquisa do c\u00e2ncer. Tem seu corpo m\u00e9dico formado por mais de 500 especialistas e \u00e9 respons\u00e1vel por 74% de toda a produ\u00e7\u00e3o cient\u00edfica de alto impacto sobre c\u00e2ncer no Brasil.<\/p>\n<p>O edital completo e a documenta\u00e7\u00e3o necess\u00e1ria para inscri\u00e7\u00e3o podem ser conferidos em<a href=\"http:\/\/www.accamargo.org.br\/sobre-o-programa\" target=\"_blank\">www.accamargo.org.br\/sobre-o-programa<\/a>.<\/p>\n","protected":false},"excerpt":{"rendered":"<p>Ag\u00eancia FAPESP\u00a0\u2013 O Conselho de P\u00f3s-Gradua\u00e7\u00e3o do A.C. Camargo Cancer Center est\u00e1 com inscri\u00e7\u00f5es abertas, at\u00e9 dia 23 de agosto, para o Programa Institucional de Bolsas de Inicia\u00e7\u00e3o Cient\u00edfica (Pibic). Com o objetivo de introduzir o aluno de gradua\u00e7\u00e3o ao mundo da pesquisa cient\u00edfica, o programa tem dura\u00e7\u00e3o de 12 meses e conta com o [&hellip;]<\/p>\n","protected":false},"author":2,"featured_media":34864,"comment_status":"open","ping_status":"closed","sticky":false,"template":"","format":"standard","meta":{"tdm_status":"","tdm_grid_status":"","footnotes":""},"categories":[22,370,353],"tags":[],"class_list":{"0":"post-46018","1":"post","2":"type-post","3":"status-publish","4":"format-standard","5":"has-post-thumbnail","7":"category-brasil","8":"category-inscricao","9":"category-oportunidades"},"_links":{"self":[{"href":"https:\/\/migracao.redenoticia.com.br\/noticia\/wp-json\/wp\/v2\/posts\/46018","targetHints":{"allow":["GET"]}}],"collection":[{"href":"https:\/\/migracao.redenoticia.com.br\/noticia\/wp-json\/wp\/v2\/posts"}],"about":[{"href":"https:\/\/migracao.redenoticia.com.br\/noticia\/wp-json\/wp\/v2\/types\/post"}],"author":[{"embeddable":true,"href":"https:\/\/migracao.redenoticia.com.br\/noticia\/wp-json\/wp\/v2\/users\/2"}],"replies":[{"embeddable":true,"href":"https:\/\/migracao.redenoticia.com.br\/noticia\/wp-json\/wp\/v2\/comments?post=46018"}],"version-history":[{"count":0,"href":"https:\/\/migracao.redenoticia.com.br\/noticia\/wp-json\/wp\/v2\/posts\/46018\/revisions"}],"wp:featuredmedia":[{"embeddable":true,"href":"https:\/\/migracao.redenoticia.com.br\/noticia\/wp-json\/wp\/v2\/media\/34864"}],"wp:attachment":[{"href":"https:\/\/migracao.redenoticia.com.br\/noticia\/wp-json\/wp\/v2\/media?parent=46018"}],"wp:term":[{"taxonomy":"category","embeddable":true,"href":"https:\/\/migracao.redenoticia.com.br\/noticia\/wp-json\/wp\/v2\/categories?post=46018"},{"taxonomy":"post_tag","embeddable":true,"href":"https:\/\/migracao.redenoticia.com.br\/noticia\/wp-json\/wp\/v2\/tags?post=46018"}],"curies":[{"name":"wp","href":"https:\/\/api.w.org\/{rel}","templated":true}]}}