{"id":46020,"date":"2013-08-09T17:41:02","date_gmt":"2013-08-09T20:41:02","guid":{"rendered":"http:\/\/www.redenoticia.com.br\/noticia\/?p=46020"},"modified":"2013-08-09T17:41:02","modified_gmt":"2013-08-09T20:41:02","slug":"ipc-s-inicia-agosto-em-alta-nas-sete-capitais-pesquisadas-pela-fgv","status":"publish","type":"post","link":"https:\/\/migracao.redenoticia.com.br\/noticia\/2013\/ipc-s-inicia-agosto-em-alta-nas-sete-capitais-pesquisadas-pela-fgv\/46020","title":{"rendered":"IPC-S inicia agosto em alta nas sete capitais pesquisadas pela FGV"},"content":{"rendered":"<p>Rio de Janeiro \u2013 O \u00cdndice de Pre\u00e7os ao Consumidor Semanal (<strong><em>IPC-S<\/em><\/strong>) apresentou avan\u00e7o nas sete capitais pesquisadas pela Funda\u00e7\u00e3o Getulio Vargas (FGV) entre a \u00faltima semana de julho e a primeira de agosto. Mesmo com o avan\u00e7o, quatro cidades registraram defla\u00e7\u00e3o (queda de pre\u00e7os) no in\u00edcio de agosto.<\/p>\n<p>O Rio de Janeiro, por exemplo, registrou o maior avan\u00e7o da taxa entre as duas semanas (0,23 ponto percentual), mas a infla\u00e7\u00e3o continuou em queda. A defla\u00e7\u00e3o da capital fluminense passou de 0,28% para 0,05%. S\u00e3o Paulo registrou o segundo maior aumento de taxa (0,19 ponto percentual) e a defla\u00e7\u00e3o passou de 0,27% para 0,08%.<\/p>\n<p>As demais cidades que registraram defla\u00e7\u00e3o s\u00e3o Belo Horizonte, com avan\u00e7o de 0,16 ponto percentual (de -0,35% para -0,19%) e Salvador, com avan\u00e7o de 0,05 ponto percentual (de -0,25% para -0,2%).<\/p>\n<p>Porto Alegre, que havia fechado julho com defla\u00e7\u00e3o de 0,01%, come\u00e7ou agosto com infla\u00e7\u00e3o de 0,16%. Bras\u00edlia e Recife, que haviam registrado infla\u00e7\u00e3o na \u00faltima semana de julho, aumentaram as taxas em agosto. A taxa em Recife subiu de 0,06% para 0,13% (0,07 ponto percentual). J\u00e1 o \u00edndice da capital federal subiu 0,01 ponto percentual, ao passar de 0,16% para 0,17%.<\/p>\n<p>A m\u00e9dia nacional do IPC-S, divulgada ontem (8), mostrou que defla\u00e7\u00e3o caiu de 0,11% na \u00faltima semana de julho para 0,02% em agosto.<\/p>\n<p>Vitor Abdala<br \/>\nRep\u00f3rter da Ag\u00eancia Brasil<br \/>\nEdi\u00e7\u00e3o: Denise Griesinger<\/p>\n","protected":false},"excerpt":{"rendered":"<p>Rio de Janeiro \u2013 O \u00cdndice de Pre\u00e7os ao Consumidor Semanal (IPC-S) apresentou avan\u00e7o nas sete capitais pesquisadas pela Funda\u00e7\u00e3o Getulio Vargas (FGV) entre a \u00faltima semana de julho e a primeira de agosto. Mesmo com o avan\u00e7o, quatro cidades registraram defla\u00e7\u00e3o (queda de pre\u00e7os) no in\u00edcio de agosto. O Rio de Janeiro, por exemplo, [&hellip;]<\/p>\n","protected":false},"author":2,"featured_media":40517,"comment_status":"open","ping_status":"closed","sticky":false,"template":"","format":"standard","meta":{"tdm_status":"","tdm_grid_status":"","footnotes":""},"categories":[22,7],"tags":[],"class_list":{"0":"post-46020","1":"post","2":"type-post","3":"status-publish","4":"format-standard","5":"has-post-thumbnail","7":"category-brasil","8":"category-economia"},"_links":{"self":[{"href":"https:\/\/migracao.redenoticia.com.br\/noticia\/wp-json\/wp\/v2\/posts\/46020","targetHints":{"allow":["GET"]}}],"collection":[{"href":"https:\/\/migracao.redenoticia.com.br\/noticia\/wp-json\/wp\/v2\/posts"}],"about":[{"href":"https:\/\/migracao.redenoticia.com.br\/noticia\/wp-json\/wp\/v2\/types\/post"}],"author":[{"embeddable":true,"href":"https:\/\/migracao.redenoticia.com.br\/noticia\/wp-json\/wp\/v2\/users\/2"}],"replies":[{"embeddable":true,"href":"https:\/\/migracao.redenoticia.com.br\/noticia\/wp-json\/wp\/v2\/comments?post=46020"}],"version-history":[{"count":0,"href":"https:\/\/migracao.redenoticia.com.br\/noticia\/wp-json\/wp\/v2\/posts\/46020\/revisions"}],"wp:featuredmedia":[{"embeddable":true,"href":"https:\/\/migracao.redenoticia.com.br\/noticia\/wp-json\/wp\/v2\/media\/40517"}],"wp:attachment":[{"href":"https:\/\/migracao.redenoticia.com.br\/noticia\/wp-json\/wp\/v2\/media?parent=46020"}],"wp:term":[{"taxonomy":"category","embeddable":true,"href":"https:\/\/migracao.redenoticia.com.br\/noticia\/wp-json\/wp\/v2\/categories?post=46020"},{"taxonomy":"post_tag","embeddable":true,"href":"https:\/\/migracao.redenoticia.com.br\/noticia\/wp-json\/wp\/v2\/tags?post=46020"}],"curies":[{"name":"wp","href":"https:\/\/api.w.org\/{rel}","templated":true}]}}