{"id":46022,"date":"2013-08-09T17:45:09","date_gmt":"2013-08-09T20:45:09","guid":{"rendered":"http:\/\/www.redenoticia.com.br\/noticia\/?p=46022"},"modified":"2013-08-09T17:45:09","modified_gmt":"2013-08-09T20:45:09","slug":"acordo-cientifico-inedito-entre-brasil-e-canada","status":"publish","type":"post","link":"https:\/\/migracao.redenoticia.com.br\/noticia\/2013\/acordo-cientifico-inedito-entre-brasil-e-canada\/46022","title":{"rendered":"Acordo cient\u00edfico in\u00e9dito entre Brasil e Canad\u00e1"},"content":{"rendered":"<p>A Unesp assinou um acordo in\u00e9dito no Brasil de coopera\u00e7\u00e3o com a Universit\u00e9 Laval, em Quebec, no Canad\u00e1, para o estabelecimento de uma <em><strong>Unidade Internacional Mista de Pesquisa<\/strong><\/em> (UIMP). Inicialmente, as duas institui\u00e7\u00f5es disponibilizar\u00e3o recursos para garantir a mobilidade de pesquisadores e estudantes ao laborat\u00f3rio COPL (Center for Optics, Photonics and Lasers), refer\u00eancia mundial em pesquisas relacionadas \u00e0 fot\u00f4nica.<\/p>\n<p>O tema ser\u00e1 enfocado por Younes Messaddeq, professor do Departamento de Qu\u00edmica Geral e Inorg\u00e2nica do Instituto de Qu\u00edmica (IQ) da Unesp de Araraquara e do D\u00e9partement de Physique, de G\u00e9nie Physique et \u2019Optique Centre d\u2019Otique, Photonique et Laser da Universit\u00e9 de Laval, Quebec &#8211; Canad\u00e1, dia 16 de agosto, \u00e0s 14h30, no IQ, em aula inaugural do Programa de P\u00f3s-Gradua\u00e7\u00e3o em Qu\u00edmica do Instituto. A aula \u00e9 intitulada \u00e9 \u2018Um novo modelo de coopera\u00e7\u00e3o internacional para a pesquisa: Unidade Internacional Mista\u2019.<\/p>\n<p>\u201cA Unesp saiu na frente para ter um laborat\u00f3rio de pesquisa no exterior. Com o acordo, todas as tecnologias e patentes resultantes da parceria pertencer\u00e3o \u00e0 Unesp\u201d, explica o professor Youn\u00e8s Messaddeq, do Instituto de Qu\u00edmica (IQ) de Araraquara. Desde 2011, ele coordena a linha de Materiais Fot\u00f4nicos do centro canadense.<\/p>\n<p>O laborat\u00f3rio disp\u00f5e de uma estrutura de 10 mil m2, sendo dois ter\u00e7os deste espa\u00e7o composto por laborat\u00f3rios e salas limpas, produto de um investimento de US$ 42 milh\u00f5es em infra-estrutura e equipamentos. O objetivo final \u00e9 que, com o desenvolvimento da parceria, projetos para a amplia\u00e7\u00e3o da estrutura laboratorial do C\u00e2mpus de Botucatu ganhem for\u00e7a, permitindo que parte das pesquisas se desenvolvam no pa\u00eds.<\/p>\n<p>\u201cO pesquisador brasileiro, por sua vez, poder\u00e1 se inscrever para realizar projetos dentro do Canad\u00e1, uma vez que ser\u00e1 considerado um professor da Universit\u00e9 Laval. Ele dever\u00e1 permanecer per\u00edodos m\u00ednimos de tr\u00eas meses no pa\u00eds. A ideia \u00e9 manter um fluxo cont\u00ednuo entre Brasil e Canad\u00e1. Pretende-se tamb\u00e9m utilizar a parceria para potencializar a submiss\u00e3o de projetos \u00e0s ag\u00eancias de fomento brasileiras\u201d, explica o professor Youn\u00e8s.<\/p>\n<p>Em 2011, o professor Massaddeq foi selecionado para uma cadeira de excel\u00eancia do governo do Canad\u00e1 na \u00e1rea de telecomunica\u00e7\u00e3o por um per\u00edodo de sete anos. Por meio desta cadeira, o pesquisador teve acesso a recursos no valor de US$ 28,4 milh\u00f5es, feito que o levou para o COPL.<\/p>\n<p>Desde 2012, a Universit\u00e9 Laval tem uma UIMP semelhante com o governo franc\u00eas sobre a Ant\u00e1rtica. O acordo com a Unesp, assinado em junho, \u00e9 o segundo da institui\u00e7\u00e3o canadense a seguir esse modelo misto de coopera\u00e7\u00e3o.<\/p>\n<p>\u201cTeremos aten\u00e7\u00e3o especial em pesquisas que gerem recursos e patentes licenciadas. A prioridade de pesquisa no COPL \u00e9 muito focada na inova\u00e7\u00e3o tecnol\u00f3gica, em dar apoio \u00e0s ind\u00fastrias, seja na forma\u00e7\u00e3o de recursos humanos, seja na forma de servi\u00e7os\u201d, explica o professor da Unesp. \u201cO que queremos com esta UIMP \u00e9 focar em assuntos de interesse comum das duas institui\u00e7\u00f5es e criar patentes que gerem recursos e que beneficiem 50% a Unesp e 50% a Universit\u00e9 Laval\u201d, diz.<\/p>\n<p>O professor do IQ de Araraquara cita algumas \u00e1reas de pesquisa da Unesp que poderiam se beneficiar do laborat\u00f3rio especializado em fot\u00f4nica. Entre elas, est\u00e1 o desenvolvimento de pesquisas na \u00e1rea de medicina preventiva e diagn\u00f3stico precoce, sensores que identificam a quantidade de nutrientes NPK no solo e aumento da efici\u00eancia e produtividade em sistemas solares, entre outros.<\/p>\n<p>Leia tamb\u00e9m<\/p>\n<p><a href=\"http:\/\/www.unesp.br\/portal#!\/noticia\/11398\/unesp-assina-acordo-inedito-em-pesquisa-em-fotonica\/\" target=\"_blank\">http:\/\/www.unesp.br\/portal#!\/noticia\/11398\/unesp-assina-acordo-inedito-em-pesquisa-em-fotonica\/<\/a><\/p>\n","protected":false},"excerpt":{"rendered":"<p>A Unesp assinou um acordo in\u00e9dito no Brasil de coopera\u00e7\u00e3o com a Universit\u00e9 Laval, em Quebec, no Canad\u00e1, para o estabelecimento de uma Unidade Internacional Mista de Pesquisa (UIMP). Inicialmente, as duas institui\u00e7\u00f5es disponibilizar\u00e3o recursos para garantir a mobilidade de pesquisadores e estudantes ao laborat\u00f3rio COPL (Center for Optics, Photonics and Lasers), refer\u00eancia mundial em [&hellip;]<\/p>\n","protected":false},"author":2,"featured_media":36246,"comment_status":"open","ping_status":"closed","sticky":false,"template":"","format":"standard","meta":{"tdm_status":"","tdm_grid_status":"","footnotes":""},"categories":[22],"tags":[],"class_list":{"0":"post-46022","1":"post","2":"type-post","3":"status-publish","4":"format-standard","5":"has-post-thumbnail","7":"category-brasil"},"_links":{"self":[{"href":"https:\/\/migracao.redenoticia.com.br\/noticia\/wp-json\/wp\/v2\/posts\/46022","targetHints":{"allow":["GET"]}}],"collection":[{"href":"https:\/\/migracao.redenoticia.com.br\/noticia\/wp-json\/wp\/v2\/posts"}],"about":[{"href":"https:\/\/migracao.redenoticia.com.br\/noticia\/wp-json\/wp\/v2\/types\/post"}],"author":[{"embeddable":true,"href":"https:\/\/migracao.redenoticia.com.br\/noticia\/wp-json\/wp\/v2\/users\/2"}],"replies":[{"embeddable":true,"href":"https:\/\/migracao.redenoticia.com.br\/noticia\/wp-json\/wp\/v2\/comments?post=46022"}],"version-history":[{"count":0,"href":"https:\/\/migracao.redenoticia.com.br\/noticia\/wp-json\/wp\/v2\/posts\/46022\/revisions"}],"wp:featuredmedia":[{"embeddable":true,"href":"https:\/\/migracao.redenoticia.com.br\/noticia\/wp-json\/wp\/v2\/media\/36246"}],"wp:attachment":[{"href":"https:\/\/migracao.redenoticia.com.br\/noticia\/wp-json\/wp\/v2\/media?parent=46022"}],"wp:term":[{"taxonomy":"category","embeddable":true,"href":"https:\/\/migracao.redenoticia.com.br\/noticia\/wp-json\/wp\/v2\/categories?post=46022"},{"taxonomy":"post_tag","embeddable":true,"href":"https:\/\/migracao.redenoticia.com.br\/noticia\/wp-json\/wp\/v2\/tags?post=46022"}],"curies":[{"name":"wp","href":"https:\/\/api.w.org\/{rel}","templated":true}]}}