{"id":46024,"date":"2013-08-09T17:47:24","date_gmt":"2013-08-09T20:47:24","guid":{"rendered":"http:\/\/www.redenoticia.com.br\/noticia\/?p=46024"},"modified":"2013-08-09T17:47:24","modified_gmt":"2013-08-09T20:47:24","slug":"brasil-adota-regras-internacionais-para-regular-o-sistema-financeiro","status":"publish","type":"post","link":"https:\/\/migracao.redenoticia.com.br\/noticia\/2013\/brasil-adota-regras-internacionais-para-regular-o-sistema-financeiro\/46024","title":{"rendered":"Brasil adota regras internacionais para regular o sistema financeiro"},"content":{"rendered":"<p>S\u00e3o Paulo \u2013 O presidente do Banco Central, Alexandre Tombini, anunciou hoje (9) em S\u00e3o Paulo que, a partir de 1\u00ba outubro, o Sistema Financeiro Nacional passa a adotar as <em><strong>regras internacionais do Acordo de Basileia<\/strong><\/em> 3. O acordo, que foi proposto pelas principais economias do mundo h\u00e1 tr\u00eas anos, prev\u00ea reformas na regulamenta\u00e7\u00e3o de institui\u00e7\u00f5es financeiras, para reduzir os impactos de crises banc\u00e1rias.<\/p>\n<p>Tombini destacou que o Brasil vai iniciar essa a\u00e7\u00e3o com tranquilidade, no sentido de assegurar a oferta de cr\u00e9dito para consumo: \u201cAs medidas macroprudenciais contribu\u00edram para manter o bom funcionamento dos nossos mercados em um ambiente de expans\u00e3o da liquidez internacional e de intenso fluxo de capitais, principalmente para as economias emergentes.\u201d<\/p>\n<p>O presidente do BC alertou que, na medida em que os Estados Unidos est\u00e3o retomando o crescimento econ\u00f4mico, a oferta mundial de cr\u00e9dito tende a diminuir, implicando na necessidade de maior cautela no sistema financeiro dom\u00e9stico.<\/p>\n<p>Tombini participa na manh\u00e3 de hoje do 8\u00ba Semin\u00e1rio sobre Riscos, Estabilidade Financeira e Economia Banc\u00e1ria, juntamente com o presidente do Comit\u00ea de Basileia e do Banco Central da Su\u00e9cia, Stefan Ingves.<\/p>\n<p>Marli Moreira<br \/>\nRep\u00f3rter da Ag\u00eancia Brasil<br \/>\nEdi\u00e7\u00e3o: Denise Griesinger<\/p>\n","protected":false},"excerpt":{"rendered":"<p>S\u00e3o Paulo \u2013 O presidente do Banco Central, Alexandre Tombini, anunciou hoje (9) em S\u00e3o Paulo que, a partir de 1\u00ba outubro, o Sistema Financeiro Nacional passa a adotar as regras internacionais do Acordo de Basileia 3. O acordo, que foi proposto pelas principais economias do mundo h\u00e1 tr\u00eas anos, prev\u00ea reformas na regulamenta\u00e7\u00e3o de [&hellip;]<\/p>\n","protected":false},"author":2,"featured_media":38938,"comment_status":"open","ping_status":"closed","sticky":false,"template":"","format":"standard","meta":{"tdm_status":"","tdm_grid_status":"","footnotes":""},"categories":[22,7],"tags":[],"class_list":{"0":"post-46024","1":"post","2":"type-post","3":"status-publish","4":"format-standard","5":"has-post-thumbnail","7":"category-brasil","8":"category-economia"},"_links":{"self":[{"href":"https:\/\/migracao.redenoticia.com.br\/noticia\/wp-json\/wp\/v2\/posts\/46024","targetHints":{"allow":["GET"]}}],"collection":[{"href":"https:\/\/migracao.redenoticia.com.br\/noticia\/wp-json\/wp\/v2\/posts"}],"about":[{"href":"https:\/\/migracao.redenoticia.com.br\/noticia\/wp-json\/wp\/v2\/types\/post"}],"author":[{"embeddable":true,"href":"https:\/\/migracao.redenoticia.com.br\/noticia\/wp-json\/wp\/v2\/users\/2"}],"replies":[{"embeddable":true,"href":"https:\/\/migracao.redenoticia.com.br\/noticia\/wp-json\/wp\/v2\/comments?post=46024"}],"version-history":[{"count":0,"href":"https:\/\/migracao.redenoticia.com.br\/noticia\/wp-json\/wp\/v2\/posts\/46024\/revisions"}],"wp:featuredmedia":[{"embeddable":true,"href":"https:\/\/migracao.redenoticia.com.br\/noticia\/wp-json\/wp\/v2\/media\/38938"}],"wp:attachment":[{"href":"https:\/\/migracao.redenoticia.com.br\/noticia\/wp-json\/wp\/v2\/media?parent=46024"}],"wp:term":[{"taxonomy":"category","embeddable":true,"href":"https:\/\/migracao.redenoticia.com.br\/noticia\/wp-json\/wp\/v2\/categories?post=46024"},{"taxonomy":"post_tag","embeddable":true,"href":"https:\/\/migracao.redenoticia.com.br\/noticia\/wp-json\/wp\/v2\/tags?post=46024"}],"curies":[{"name":"wp","href":"https:\/\/api.w.org\/{rel}","templated":true}]}}