{"id":46030,"date":"2013-08-09T17:57:14","date_gmt":"2013-08-09T20:57:14","guid":{"rendered":"http:\/\/www.redenoticia.com.br\/noticia\/?p=46030"},"modified":"2013-08-09T17:57:14","modified_gmt":"2013-08-09T20:57:14","slug":"abertas-as-inscricoes-para-o-concurso-cultura-2014","status":"publish","type":"post","link":"https:\/\/migracao.redenoticia.com.br\/noticia\/2013\/abertas-as-inscricoes-para-o-concurso-cultura-2014\/46030","title":{"rendered":"Abertas as inscri\u00e7\u00f5es para o concurso Cultura 2014"},"content":{"rendered":"<p>Bras\u00edlia \u2013 O Di\u00e1rio Oficial da Uni\u00e3o publicou o aviso de licita\u00e7\u00e3o para o <em><strong>concurso Cultura 2014<\/strong><\/em>. As inscri\u00e7\u00f5es v\u00e3o at\u00e9 23 de setembro e devem ser feitas pelo <a href=\"http:\/\/www.cultura.gov.br\/\" target=\"_blank\">site do Minist\u00e9rio da Cultura<\/a>. O programa vai promover e contratar trabalhos culturais para apresenta\u00e7\u00e3o durante a <em><strong>Copa do Mundo<\/strong><\/em>.<\/p>\n<p>As apresenta\u00e7\u00f5es v\u00e3o ocorrer entre 10 de junho e 15 de julho de 2014, durante a disputa da Copa do Mundo da Fifa Brasil nas 12 cidades sedes: Rio de Janeiro, S\u00e3o Paulo, Belo Horizonte, Porto Alegre, Bras\u00edlia, Cuiab\u00e1, Curitiba, Fortaleza, Manaus, Natal, Recife e Salvador.<\/p>\n<p>De acordo com o edital, a contrata\u00e7\u00e3o de trabalhos art\u00edsticos \u00e9 um interesse p\u00fablico de divulgar a cultura nacional. \u201cA contrata\u00e7\u00e3o faz-se necess\u00e1ria para garantir a participa\u00e7\u00e3o, a inclus\u00e3o e a promo\u00e7\u00e3o da diversidade cultural brasileira em um dos maiores eventos do planeta\u201d.<\/p>\n<p>Lan\u00e7ado ontem pela ministra da Cultura, Marta Suplicy, o edital prev\u00ea 206 propostas de trabalhos de moda, produ\u00e7\u00e3o audiovisual, document\u00e1rios, anima\u00e7\u00f5es, artesanato, arquitetura, design e gastronomia, manifesta\u00e7\u00f5es tradicionais, m\u00fasica, teatro, circo, dan\u00e7a, literatura e artes visuais.<\/p>\n<p>Da Ag\u00eancia Brasil<\/p>\n<p>Edi\u00e7\u00e3o: Beto Coura<\/p>\n","protected":false},"excerpt":{"rendered":"<p>Bras\u00edlia \u2013 O Di\u00e1rio Oficial da Uni\u00e3o publicou o aviso de licita\u00e7\u00e3o para o concurso Cultura 2014. As inscri\u00e7\u00f5es v\u00e3o at\u00e9 23 de setembro e devem ser feitas pelo site do Minist\u00e9rio da Cultura. O programa vai promover e contratar trabalhos culturais para apresenta\u00e7\u00e3o durante a Copa do Mundo. As apresenta\u00e7\u00f5es v\u00e3o ocorrer entre 10 [&hellip;]<\/p>\n","protected":false},"author":2,"featured_media":27918,"comment_status":"open","ping_status":"closed","sticky":false,"template":"","format":"standard","meta":{"tdm_status":"","tdm_grid_status":"","footnotes":""},"categories":[22,370,353],"tags":[],"class_list":{"0":"post-46030","1":"post","2":"type-post","3":"status-publish","4":"format-standard","5":"has-post-thumbnail","7":"category-brasil","8":"category-inscricao","9":"category-oportunidades"},"_links":{"self":[{"href":"https:\/\/migracao.redenoticia.com.br\/noticia\/wp-json\/wp\/v2\/posts\/46030","targetHints":{"allow":["GET"]}}],"collection":[{"href":"https:\/\/migracao.redenoticia.com.br\/noticia\/wp-json\/wp\/v2\/posts"}],"about":[{"href":"https:\/\/migracao.redenoticia.com.br\/noticia\/wp-json\/wp\/v2\/types\/post"}],"author":[{"embeddable":true,"href":"https:\/\/migracao.redenoticia.com.br\/noticia\/wp-json\/wp\/v2\/users\/2"}],"replies":[{"embeddable":true,"href":"https:\/\/migracao.redenoticia.com.br\/noticia\/wp-json\/wp\/v2\/comments?post=46030"}],"version-history":[{"count":0,"href":"https:\/\/migracao.redenoticia.com.br\/noticia\/wp-json\/wp\/v2\/posts\/46030\/revisions"}],"wp:featuredmedia":[{"embeddable":true,"href":"https:\/\/migracao.redenoticia.com.br\/noticia\/wp-json\/wp\/v2\/media\/27918"}],"wp:attachment":[{"href":"https:\/\/migracao.redenoticia.com.br\/noticia\/wp-json\/wp\/v2\/media?parent=46030"}],"wp:term":[{"taxonomy":"category","embeddable":true,"href":"https:\/\/migracao.redenoticia.com.br\/noticia\/wp-json\/wp\/v2\/categories?post=46030"},{"taxonomy":"post_tag","embeddable":true,"href":"https:\/\/migracao.redenoticia.com.br\/noticia\/wp-json\/wp\/v2\/tags?post=46030"}],"curies":[{"name":"wp","href":"https:\/\/api.w.org\/{rel}","templated":true}]}}