{"id":46085,"date":"2013-08-14T00:25:04","date_gmt":"2013-08-14T03:25:04","guid":{"rendered":"http:\/\/www.redenoticia.com.br\/noticia\/?p=46085"},"modified":"2013-08-14T00:30:24","modified_gmt":"2013-08-14T03:30:24","slug":"a-fazenda-votacao-em-scheila-e-barbara-movimenta-as-enquetes","status":"publish","type":"post","link":"https:\/\/migracao.redenoticia.com.br\/noticia\/2013\/a-fazenda-votacao-em-scheila-e-barbara-movimenta-as-enquetes\/46085","title":{"rendered":"A Fazenda \u2013 vota\u00e7\u00e3o em Scheila e B\u00e1rbara movimentou as enquetes"},"content":{"rendered":"<p><em><strong><a href=\"https:\/\/migracao.redenoticia.com.br\/noticia\/imagens\/a-fazenda.jpg\"><img loading=\"lazy\" decoding=\"async\" class=\"alignleft size-medium wp-image-17419\" alt=\"a fazenda\" src=\"https:\/\/migracao.redenoticia.com.br\/noticia\/imagens\/a-fazenda-250x160.jpg\" width=\"250\" height=\"160\" srcset=\"https:\/\/migracao.redenoticia.com.br\/noticia\/imagens\/a-fazenda-250x160.jpg 250w, https:\/\/migracao.redenoticia.com.br\/noticia\/imagens\/a-fazenda-150x96.jpg 150w, https:\/\/migracao.redenoticia.com.br\/noticia\/imagens\/a-fazenda.jpg 300w\" sizes=\"auto, (max-width: 250px) 100vw, 250px\" \/><\/a>A Fazenda<\/strong>\u00a0<\/em>&#8211; na noite de ter\u00e7a-feira, 13\/08, Scheila Carvalho\u00a0foi eliminada de A Fazenda por ter recebido apenas 35% dos votos v\u00e1lidos. B\u00e1rbara Evans\u00a0recebeu 65% dos votos para permanecer no programa. A vota\u00e7\u00e3o come\u00e7ou na\u00a0noite do domingo (11) quando aconteceu a s\u00e9tima Prova do Fazendeiro. Scheila Carvalho, B\u00e1rbara Evans e Mateus Verdelho\u00a0disputaram uma prova de resist\u00eancia com diversos obst\u00e1culos. Cada concorrente teve que encontrar chaves, p\u00e1 e bast\u00f5es. O objetivo foi encaixar 3 bast\u00f5es em um suporte. Mateus Verdelho\u00a0venceu, ganhou imunidade e o cargo de Fazendeiro da Semana. Scheila Carvalho e B\u00e1rbara Evans\u00a0disputaram a prefer\u00eancia do p\u00fablico para continuarem em A Fazenda. A disputa na\u00a0<em><strong>vota\u00e7\u00e3o<\/strong><\/em>\u00a0da enquete de diversos portais come\u00e7ou acirrada. Na enquete BOL &#8220;Quem voc\u00ea quer que permane\u00e7a em &#8216;A Fazenda 6&#8217;?&#8221; Scheila Carvalho\u00a0come\u00e7ou com 46%, B\u00e1rbara Evans\u00a054%. Na\u00a0<em><strong>enquete<\/strong><\/em>\u00a0UOL: &#8220;Scheila Carvalho e B\u00e1rbara Evans est\u00e3o na ro\u00e7a. Quem voc\u00ea quer que fique na Fazenda?&#8221; &#8211; na madrugada de segunda-feira, 52% queriam que Scheila Carvalho\u00a0continuasse em A Fazenda, 48% preferiam a permanencia da B\u00e1rbara Evans. Na tarde de segunda-feira, 49% queriam que Scheila Carvalho\u00a0continuasse em A Fazenda, 51% preferiam a permanencia da B\u00e1rbara Evans. Na noite de ter\u00e7a-feira, 50% queriam que Scheila Carvalho\u00a0continuasse em A Fazenda, 50% preferiam a permanencia da B\u00e1rbara Evans.<\/p>\n<p>O voto v\u00e1lido foi registrado no portal oficial do programa A Fazenda Rede Record.<\/p>\n<p>A elimina\u00e7\u00e3o aconteceu na noite de ter\u00e7a-feira, 13\/08.<\/p>\n<p>Rede Record A Fazenda<\/p>\n<p>&#8212;<\/p>\n<p>Como foi a vota\u00e7\u00e3o da ro\u00e7a:\u00a0Beto Malfacini, vencedor do Poder da Arca, pegou o envelope, informou que foi imunizado e indicou Scheila Carvalho para a ro\u00e7a. Como Fazendeira Andressa Urach\u00a0indicou B\u00e1rbara Evans para compor a Ro\u00e7a da Semana. Na vota\u00e7\u00e3o aberta Beto Malfacini, Yudi Tamashiro, B\u00e1rbara Evans e Mateus Verdelho indicaram Denise Rocha. Paulo Nunes, Marcos Oliver, Mulher Fil\u00e9, Scheila Carvalho e Denise Rocha votaram no Mateus Verdelho. Gominho votou no Paulo Nunes.<\/p>\n","protected":false},"excerpt":{"rendered":"<p>A Fazenda\u00a0&#8211; na noite de ter\u00e7a-feira, 13\/08, Scheila Carvalho\u00a0foi eliminada de A Fazenda por ter recebido apenas 35% dos votos v\u00e1lidos. B\u00e1rbara Evans\u00a0recebeu 65% dos votos para permanecer no programa. A vota\u00e7\u00e3o come\u00e7ou na\u00a0noite do domingo (11) quando aconteceu a s\u00e9tima Prova do Fazendeiro. Scheila Carvalho, B\u00e1rbara Evans e Mateus Verdelho\u00a0disputaram uma prova de resist\u00eancia [&hellip;]<\/p>\n","protected":false},"author":2,"featured_media":17419,"comment_status":"open","ping_status":"closed","sticky":false,"template":"","format":"standard","meta":{"tdm_status":"","tdm_grid_status":"","footnotes":""},"categories":[406,371,343],"tags":[],"class_list":{"0":"post-46085","1":"post","2":"type-post","3":"status-publish","4":"format-standard","5":"has-post-thumbnail","7":"category-a-fazenda","8":"category-rede-record","9":"category-televisao"},"_links":{"self":[{"href":"https:\/\/migracao.redenoticia.com.br\/noticia\/wp-json\/wp\/v2\/posts\/46085","targetHints":{"allow":["GET"]}}],"collection":[{"href":"https:\/\/migracao.redenoticia.com.br\/noticia\/wp-json\/wp\/v2\/posts"}],"about":[{"href":"https:\/\/migracao.redenoticia.com.br\/noticia\/wp-json\/wp\/v2\/types\/post"}],"author":[{"embeddable":true,"href":"https:\/\/migracao.redenoticia.com.br\/noticia\/wp-json\/wp\/v2\/users\/2"}],"replies":[{"embeddable":true,"href":"https:\/\/migracao.redenoticia.com.br\/noticia\/wp-json\/wp\/v2\/comments?post=46085"}],"version-history":[{"count":0,"href":"https:\/\/migracao.redenoticia.com.br\/noticia\/wp-json\/wp\/v2\/posts\/46085\/revisions"}],"wp:featuredmedia":[{"embeddable":true,"href":"https:\/\/migracao.redenoticia.com.br\/noticia\/wp-json\/wp\/v2\/media\/17419"}],"wp:attachment":[{"href":"https:\/\/migracao.redenoticia.com.br\/noticia\/wp-json\/wp\/v2\/media?parent=46085"}],"wp:term":[{"taxonomy":"category","embeddable":true,"href":"https:\/\/migracao.redenoticia.com.br\/noticia\/wp-json\/wp\/v2\/categories?post=46085"},{"taxonomy":"post_tag","embeddable":true,"href":"https:\/\/migracao.redenoticia.com.br\/noticia\/wp-json\/wp\/v2\/tags?post=46085"}],"curies":[{"name":"wp","href":"https:\/\/api.w.org\/{rel}","templated":true}]}}