{"id":46104,"date":"2013-08-12T15:41:23","date_gmt":"2013-08-12T18:41:23","guid":{"rendered":"http:\/\/www.redenoticia.com.br\/noticia\/?p=46104"},"modified":"2013-08-12T15:41:23","modified_gmt":"2013-08-12T18:41:23","slug":"abono-salarial-2013-2014-comeca-a-ser-pago","status":"publish","type":"post","link":"https:\/\/migracao.redenoticia.com.br\/noticia\/2013\/abono-salarial-2013-2014-comeca-a-ser-pago\/46104","title":{"rendered":"Abono salarial 2013-2014 come\u00e7a a ser pago"},"content":{"rendered":"<p>Bras\u00edlia &#8211; O <em><strong>abono salarial<\/strong> <\/em>referente a 2013-2014, concedido a trabalhadores que ganham at\u00e9 dois sal\u00e1rios m\u00ednimos (R$ 1.356), come\u00e7ar\u00e1 a ser pago amanh\u00e3 (13). O prazo para a retirada do valor (atualmente, R$ 678) vai at\u00e9 30 de junho de 2014. Os saques do abono do ano passado terminaram em junho. A estimativa \u00e9 que tenham sido gastos mais de R$ 11,5 milh\u00f5es do Fundo de Amparo ao Trabalhador (FAT) com os mais de 20,7 milh\u00f5es de pagamentos de 2012.<\/p>\n<p>O calend\u00e1rio de pagamento do abono \u00e9 feito de acordo com o n\u00famero de inscri\u00e7\u00e3o do trabalhador no Programa de Integra\u00e7\u00e3o Social (PIS) ou no Programa de Forma\u00e7\u00e3o do Patrim\u00f4nio do Servidor P\u00fablico (Pasep). Os que t\u00eam inscri\u00e7\u00e3o com os finais 0 e 1 come\u00e7am a receber amanh\u00e3; com os finais 2 e 3, no dia 20; com os finais 4 e 5, no dia 27. Em setembro, come\u00e7am a ser pagos os abonos das inscri\u00e7\u00f5es terminadas em 6 e 7 (a partir do dia 3) e os em 8 e 9 (dia 10).<\/p>\n<p>Os requisitos para ter direito ao abono s\u00e3o: rendimento mensal at\u00e9 dois sal\u00e1rios m\u00ednimos, informa\u00e7\u00f5es atualizadas na Rela\u00e7\u00e3o Anual de Informa\u00e7\u00f5es Sociais (Rais), cadastro no PIS ou no Pasep h\u00e1 pelo menos cinco anos e carteira assinada ou nomea\u00e7\u00e3o para cargo p\u00fablico durante, pelo menos, 30 dias no ano em quest\u00e3o.<\/p>\n<p>Para sacar o abono, o trabalhador dever\u00e1 ir \u00e0s ag\u00eancias da Caixa Econ\u00f4mica Federal (no caso do PIS) ou do Banco do Brasil (no caso do Pasep) com documento de identifica\u00e7\u00e3o com foto e n\u00famero de cadastro no programa. A quantia tamb\u00e9m pode ser sacada em caixas eletr\u00f4nicos, lot\u00e9ricas ou postos do Caixa Aqui por meio do Cart\u00e3o Cidad\u00e3o e senha cadastrada.<\/p>\n<p>Da Ag\u00eancia Brasil<br \/>\nEdi\u00e7\u00e3o: Talita Cavalcante<\/p>\n","protected":false},"excerpt":{"rendered":"<p>Bras\u00edlia &#8211; O abono salarial referente a 2013-2014, concedido a trabalhadores que ganham at\u00e9 dois sal\u00e1rios m\u00ednimos (R$ 1.356), come\u00e7ar\u00e1 a ser pago amanh\u00e3 (13). O prazo para a retirada do valor (atualmente, R$ 678) vai at\u00e9 30 de junho de 2014. Os saques do abono do ano passado terminaram em junho. A estimativa \u00e9 [&hellip;]<\/p>\n","protected":false},"author":2,"featured_media":34928,"comment_status":"open","ping_status":"closed","sticky":false,"template":"","format":"standard","meta":{"tdm_status":"","tdm_grid_status":"","footnotes":""},"categories":[22],"tags":[],"class_list":{"0":"post-46104","1":"post","2":"type-post","3":"status-publish","4":"format-standard","5":"has-post-thumbnail","7":"category-brasil"},"_links":{"self":[{"href":"https:\/\/migracao.redenoticia.com.br\/noticia\/wp-json\/wp\/v2\/posts\/46104","targetHints":{"allow":["GET"]}}],"collection":[{"href":"https:\/\/migracao.redenoticia.com.br\/noticia\/wp-json\/wp\/v2\/posts"}],"about":[{"href":"https:\/\/migracao.redenoticia.com.br\/noticia\/wp-json\/wp\/v2\/types\/post"}],"author":[{"embeddable":true,"href":"https:\/\/migracao.redenoticia.com.br\/noticia\/wp-json\/wp\/v2\/users\/2"}],"replies":[{"embeddable":true,"href":"https:\/\/migracao.redenoticia.com.br\/noticia\/wp-json\/wp\/v2\/comments?post=46104"}],"version-history":[{"count":0,"href":"https:\/\/migracao.redenoticia.com.br\/noticia\/wp-json\/wp\/v2\/posts\/46104\/revisions"}],"wp:featuredmedia":[{"embeddable":true,"href":"https:\/\/migracao.redenoticia.com.br\/noticia\/wp-json\/wp\/v2\/media\/34928"}],"wp:attachment":[{"href":"https:\/\/migracao.redenoticia.com.br\/noticia\/wp-json\/wp\/v2\/media?parent=46104"}],"wp:term":[{"taxonomy":"category","embeddable":true,"href":"https:\/\/migracao.redenoticia.com.br\/noticia\/wp-json\/wp\/v2\/categories?post=46104"},{"taxonomy":"post_tag","embeddable":true,"href":"https:\/\/migracao.redenoticia.com.br\/noticia\/wp-json\/wp\/v2\/tags?post=46104"}],"curies":[{"name":"wp","href":"https:\/\/api.w.org\/{rel}","templated":true}]}}