{"id":46106,"date":"2013-08-12T15:49:20","date_gmt":"2013-08-12T18:49:20","guid":{"rendered":"http:\/\/www.redenoticia.com.br\/noticia\/?p=46106"},"modified":"2013-08-12T15:49:20","modified_gmt":"2013-08-12T18:49:20","slug":"procon-sp-oferece-cadastro-para-bloqueio-de-ligacoes-de-telemarketing","status":"publish","type":"post","link":"https:\/\/migracao.redenoticia.com.br\/noticia\/2013\/procon-sp-oferece-cadastro-para-bloqueio-de-ligacoes-de-telemarketing\/46106","title":{"rendered":"Procon-SP oferece Cadastro para Bloqueio de Liga\u00e7\u00f5es de Telemarketing"},"content":{"rendered":"<p>Consumidores SP que n\u00e3o desejam mais receber liga\u00e7\u00f5es com ofertas de produtos e servi\u00e7os podem recorrer ao <em><strong>Cadastro para Bloqueio de Liga\u00e7\u00f5es de Telemarketing<\/strong><\/em>. A ferramenta \u00e9 gratuita tanto para telefones fixos ou celulares e pode ser solicitada no\u00a0<a href=\"http:\/\/www.procon.sp.gov.br\/BloqueioTelef\/\" target=\"_blank\">site do Procon-SP<\/a>, ou pessoalmente nos postos do Poupatempo (Itaquera, Santo Amaro e S\u00e9).<\/p>\n<p>Caso o consumidor continue recebendo liga\u00e7\u00f5es de telemarketing ap\u00f3s 30 dias da inscri\u00e7\u00e3o, a empresa poder\u00e1 ser denunciada no site do Procon-SP. A empresa que descumprir a Lei estar\u00e1 sujeita \u00e0s puni\u00e7\u00f5es previstas no artigo 56 do C\u00f3digo de Defesa do Consumidor.<\/p>\n<p>Para mais informa\u00e7\u00f5es, acesse o blog\u00a0<a href=\"http:\/\/educaproconsp.blogspot.com.br\/2013\/07\/procon-responde-cadastro-para-bloqueio.html\" target=\"_blank\">Educa\u00e7\u00e3o para o Consumo<\/a>\u00a0do Procon-SP.<\/p>\n<p>Do Portal do Governo do Estado<\/p>\n<p>&#8212;<br \/>\nA Funda\u00e7\u00e3o PROCON-SP poder\u00e1 expedir comunica\u00e7\u00f5es \u00e0s empresas e impor san\u00e7\u00f5es no caso de transgress\u00e3o ou viola\u00e7\u00e3o das regras do Cadastro para Bloqueio do Recebimento de Liga\u00e7\u00f5es de Telemarketing, mas n\u00e3o indeniza ou repara eventuais danos individuais causados.<\/p>\n<p>N\u00e3o h\u00e1 custos para o preenchimento do cadastro.<\/p>\n<p>N\u00e3o ser\u00e1 necess\u00e1rio refazer o cadastro em fun\u00e7\u00e3o da inclus\u00e3o do nono digito nas linhas de telefonia m\u00f3vel pessoal. Todos os n\u00fameros do cadastro foram devidamente alterados automaticamente.<\/p>\n","protected":false},"excerpt":{"rendered":"<p>Consumidores SP que n\u00e3o desejam mais receber liga\u00e7\u00f5es com ofertas de produtos e servi\u00e7os podem recorrer ao Cadastro para Bloqueio de Liga\u00e7\u00f5es de Telemarketing. A ferramenta \u00e9 gratuita tanto para telefones fixos ou celulares e pode ser solicitada no\u00a0site do Procon-SP, ou pessoalmente nos postos do Poupatempo (Itaquera, Santo Amaro e S\u00e9). Caso o consumidor [&hellip;]<\/p>\n","protected":false},"author":2,"featured_media":37419,"comment_status":"open","ping_status":"closed","sticky":false,"template":"","format":"standard","meta":{"tdm_status":"","tdm_grid_status":"","footnotes":""},"categories":[22],"tags":[],"class_list":{"0":"post-46106","1":"post","2":"type-post","3":"status-publish","4":"format-standard","5":"has-post-thumbnail","7":"category-brasil"},"_links":{"self":[{"href":"https:\/\/migracao.redenoticia.com.br\/noticia\/wp-json\/wp\/v2\/posts\/46106","targetHints":{"allow":["GET"]}}],"collection":[{"href":"https:\/\/migracao.redenoticia.com.br\/noticia\/wp-json\/wp\/v2\/posts"}],"about":[{"href":"https:\/\/migracao.redenoticia.com.br\/noticia\/wp-json\/wp\/v2\/types\/post"}],"author":[{"embeddable":true,"href":"https:\/\/migracao.redenoticia.com.br\/noticia\/wp-json\/wp\/v2\/users\/2"}],"replies":[{"embeddable":true,"href":"https:\/\/migracao.redenoticia.com.br\/noticia\/wp-json\/wp\/v2\/comments?post=46106"}],"version-history":[{"count":0,"href":"https:\/\/migracao.redenoticia.com.br\/noticia\/wp-json\/wp\/v2\/posts\/46106\/revisions"}],"wp:featuredmedia":[{"embeddable":true,"href":"https:\/\/migracao.redenoticia.com.br\/noticia\/wp-json\/wp\/v2\/media\/37419"}],"wp:attachment":[{"href":"https:\/\/migracao.redenoticia.com.br\/noticia\/wp-json\/wp\/v2\/media?parent=46106"}],"wp:term":[{"taxonomy":"category","embeddable":true,"href":"https:\/\/migracao.redenoticia.com.br\/noticia\/wp-json\/wp\/v2\/categories?post=46106"},{"taxonomy":"post_tag","embeddable":true,"href":"https:\/\/migracao.redenoticia.com.br\/noticia\/wp-json\/wp\/v2\/tags?post=46106"}],"curies":[{"name":"wp","href":"https:\/\/api.w.org\/{rel}","templated":true}]}}