{"id":46108,"date":"2013-08-12T15:51:17","date_gmt":"2013-08-12T18:51:17","guid":{"rendered":"http:\/\/www.redenoticia.com.br\/noticia\/?p=46108"},"modified":"2013-08-12T15:51:17","modified_gmt":"2013-08-12T18:51:17","slug":"lucro-liquido-da-petrobras-cai-19-e-fecha-trimestre-em-r-62-bilhoes","status":"publish","type":"post","link":"https:\/\/migracao.redenoticia.com.br\/noticia\/2013\/lucro-liquido-da-petrobras-cai-19-e-fecha-trimestre-em-r-62-bilhoes\/46108","title":{"rendered":"Lucro l\u00edquido da Petrobras cai 19% e fecha trimestre em R$ 6,2 bilh\u00f5es"},"content":{"rendered":"<p>Rio de Janeiro &#8211; A queda de 19% no <em><strong>lucro l\u00edquido da Petrobras<\/strong><\/em>, de R$ 6,201 bilh\u00f5es, no segundo trimestre do ano, na compara\u00e7\u00e3o com o primeiro trimestre, deveu-se, sobretudo, ao efeito da deprecia\u00e7\u00e3o cambial sobre o endividamento l\u00edquido, de acordo com o diretor financeiro e de Rela\u00e7\u00f5es com Investidores, Almir Barbassa. No per\u00edodo entre janeiro e mar\u00e7o, a Petrobras registrou lucro l\u00edquido de R$ 7,693 bilh\u00f5es.<\/p>\n<p>Ele e outros diretores falaram nesta manh\u00e3 a investidores durante a apresenta\u00e7\u00e3o dos resultados da Petrobras na sede na empresa, no centro do Rio de Janeiro. Apesar da queda, o resultado reverteu o preju\u00edzo l\u00edquido de R$ 1,346 bilh\u00e3o registrado no mesmo per\u00edodo de 2012. Barbassa explicou que as a\u00e7\u00f5es para limitar o impacto do c\u00e2mbio sobre exporta\u00e7\u00f5es futuras (contabilidade de Hedge) evitaram perdas de R$ 8 bilh\u00f5es.<\/p>\n<p>\u201cEssas perdas s\u00e3o relativas a 70% do endividamento l\u00edquido expostos \u00e0 varia\u00e7\u00e3o cambial no segundo trimestre, contabilizadas pelo Patrim\u00f4nio L\u00edquido\u201d, explicou ele.<\/p>\n<p>Barbassa ressaltou a contribui\u00e7\u00e3o do Programa de Desenvestimento (Prodesin) para o bom resultado das finan\u00e7as no segundo trimestre do ano, com vendas de 50% dos ativos na \u00c1frica, o que levou ao ganho de R$ 1,9 bilh\u00e3o, com aumento de caixa de R$ 3,4 bilh\u00f5es.<\/p>\n<p>\u201cHouve elevado lucro operacional com expressivo aumento de gera\u00e7\u00e3o de caixa. O Prodesin foi importante para aumentar o caixa. At\u00e9 o segundo trimestre, os desenvestimentos totalizaram US$ 1,8 bilh\u00e3o\u201d, disse ele.<\/p>\n<p>O lucro operacional da companhia, de R$ 11,1 bilh\u00f5es no segundo trimestre, representou aumento de 110% sobre o segundo trimestre de 2012 e de 13% contra o primeiro trimestre de 2013, segundo Barbassa.<\/p>\n<p>O diretor informou ainda que o lucro l\u00edquido da \u00e1rea internacional chegou a R$ 2 bilh\u00f5es no segundo trimestre, contra R$ 700 milh\u00f5es no trimestre anterior.<\/p>\n<p>De acordo com o diretor de Explora\u00e7\u00e3o e Produ\u00e7\u00e3o, Jos\u00e9 Formigli, o segundo semestre de 2013 foi satisfat\u00f3rio em termos de produ\u00e7\u00e3o com aumento de 1% na produ\u00e7\u00e3o de \u00f3leo e LGN entre o primeiro e o segundo trimestre (21 milh\u00f5es de barris de petr\u00f3leo por dia a mais). Houve tamb\u00e9m crescimento da produ\u00e7\u00e3o dos campos do pr\u00e9-sal de 7 milh\u00f5es de barris de petr\u00f3leo por dia neste trimestre em rela\u00e7\u00e3o ao anterior.<\/p>\n<p>A produ\u00e7\u00e3o nos campos do pr\u00e9-sal tamb\u00e9m bateu novo recorde no trimestre analisado com m\u00e9dia de 291 milh\u00f5es de barris de petr\u00f3leo por dia ante 277 milh\u00f5es no trimestre passado. Nos primeiros tr\u00eas meses, a m\u00e9dia havia sido de 277 milh\u00f5es de barris de petr\u00f3leo por dia.<\/p>\n<p>Segundo ele, a Petrobras pretende interligar mais 36 po\u00e7os at\u00e9 o fim do ano. De acordo com o diretor, a produ\u00e7\u00e3o deve subir para cerca de 440 mil barris de petr\u00f3leo por dia. No quarto trimestre, segundo ele, j\u00e1 devem estar em opera\u00e7\u00e3o quatro plataformas: P-55, P-58, P-61 e P-63. Ele informou que a empresa descobriu 55 po\u00e7os nos \u00faltimos 18 meses, sendo 16 do pr\u00e9-sal.<\/p>\n<p>Fl\u00e1via Villela<br \/>\nRep\u00f3rter da Ag\u00eancia Brasil<br \/>\nEdi\u00e7\u00e3o: Talita Cavalcante<\/p>\n","protected":false},"excerpt":{"rendered":"<p>Rio de Janeiro &#8211; A queda de 19% no lucro l\u00edquido da Petrobras, de R$ 6,201 bilh\u00f5es, no segundo trimestre do ano, na compara\u00e7\u00e3o com o primeiro trimestre, deveu-se, sobretudo, ao efeito da deprecia\u00e7\u00e3o cambial sobre o endividamento l\u00edquido, de acordo com o diretor financeiro e de Rela\u00e7\u00f5es com Investidores, Almir Barbassa. No per\u00edodo entre [&hellip;]<\/p>\n","protected":false},"author":2,"featured_media":38938,"comment_status":"open","ping_status":"closed","sticky":false,"template":"","format":"standard","meta":{"tdm_status":"","tdm_grid_status":"","footnotes":""},"categories":[22,7],"tags":[],"class_list":{"0":"post-46108","1":"post","2":"type-post","3":"status-publish","4":"format-standard","5":"has-post-thumbnail","7":"category-brasil","8":"category-economia"},"_links":{"self":[{"href":"https:\/\/migracao.redenoticia.com.br\/noticia\/wp-json\/wp\/v2\/posts\/46108","targetHints":{"allow":["GET"]}}],"collection":[{"href":"https:\/\/migracao.redenoticia.com.br\/noticia\/wp-json\/wp\/v2\/posts"}],"about":[{"href":"https:\/\/migracao.redenoticia.com.br\/noticia\/wp-json\/wp\/v2\/types\/post"}],"author":[{"embeddable":true,"href":"https:\/\/migracao.redenoticia.com.br\/noticia\/wp-json\/wp\/v2\/users\/2"}],"replies":[{"embeddable":true,"href":"https:\/\/migracao.redenoticia.com.br\/noticia\/wp-json\/wp\/v2\/comments?post=46108"}],"version-history":[{"count":0,"href":"https:\/\/migracao.redenoticia.com.br\/noticia\/wp-json\/wp\/v2\/posts\/46108\/revisions"}],"wp:featuredmedia":[{"embeddable":true,"href":"https:\/\/migracao.redenoticia.com.br\/noticia\/wp-json\/wp\/v2\/media\/38938"}],"wp:attachment":[{"href":"https:\/\/migracao.redenoticia.com.br\/noticia\/wp-json\/wp\/v2\/media?parent=46108"}],"wp:term":[{"taxonomy":"category","embeddable":true,"href":"https:\/\/migracao.redenoticia.com.br\/noticia\/wp-json\/wp\/v2\/categories?post=46108"},{"taxonomy":"post_tag","embeddable":true,"href":"https:\/\/migracao.redenoticia.com.br\/noticia\/wp-json\/wp\/v2\/tags?post=46108"}],"curies":[{"name":"wp","href":"https:\/\/api.w.org\/{rel}","templated":true}]}}