{"id":4611,"date":"2009-07-05T11:41:29","date_gmt":"2009-07-05T15:41:29","guid":{"rendered":"http:\/\/www.redenoticia.com.br\/noticia\/?p=4611"},"modified":"2009-07-05T15:53:06","modified_gmt":"2009-07-05T19:53:06","slug":"no-brasil-rondonia-acre-e-roraima-nao-registram-ocorrencia-de-gripe-suina","status":"publish","type":"post","link":"https:\/\/migracao.redenoticia.com.br\/noticia\/2009\/no-brasil-rondonia-acre-e-roraima-nao-registram-ocorrencia-de-gripe-suina\/4611","title":{"rendered":"No Brasil Rond\u00f4nia, Acre e Roraima n\u00e3o registram ocorr\u00eancia de gripe su\u00edna"},"content":{"rendered":"<p><span style=\"font-size: 11pt; font-family: Arial;\">At\u00e9 este s\u00e1bado (04\/07) Rond\u00f4nia, Acre e Roraima foram os \u00fanicos Estados do Brasil que n\u00e3o registraram ocorr\u00eancia de gripe su\u00edna no Minist\u00e9rio da Sa\u00fade. O Estado do Acre que tamb\u00e9m estava sem registro do v\u00edrus H1N1,<span> <\/span>j\u00e1 divulgou o primeiro caso, confirmado atrav\u00e9s de exame espec\u00edfico.<\/span><\/p>\n<p><span style=\"font-size: 11pt; font-family: Arial;\">O Minist\u00e9rio da Sa\u00fade informa que foram confirmados 56 NOVOS CASOS de infec\u00e7\u00e3o pelo v\u00edrus Influenza A (H1N1), nos estados de S\u00e3o Paulo (13), Rio de Janeiro (8), Minas Gerais (6), Paran\u00e1 (6), Bahia (4), Mato Grosso do Sul (4), Pernambuco (4), Cear\u00e1 (3), Santa Catarina (3), Amap\u00e1 (1), Distrito Federal (1), Goi\u00e1s (1), Mato Grosso (1) e Rio Grande do Sul (1). Com os novos casos, o Minist\u00e9rio da Sa\u00fade registra um total de 812 CASOS CONFIRMADOS da doen\u00e7a. <\/span><\/p>\n<p><span style=\"font-size: 11pt; font-family: Arial;\">Vale lembrar que esses casos s\u00e3o o resultado acumulado desde os primeiros registros de infec\u00e7\u00e3o no Brasil, no dia 8 de maio. A quase totalidade desses pacientes j\u00e1 recebeu alta ou est\u00e1 em processo de recupera\u00e7\u00e3o.<\/span><\/p>\n","protected":false},"excerpt":{"rendered":"<p>At\u00e9 este s\u00e1bado (04\/07) Rond\u00f4nia, Acre e Roraima foram os \u00fanicos Estados do Brasil que n\u00e3o registraram ocorr\u00eancia de gripe su\u00edna no Minist\u00e9rio da Sa\u00fade. O Estado do Acre que tamb\u00e9m estava sem registro do v\u00edrus H1N1, j\u00e1 divulgou o primeiro caso, confirmado atrav\u00e9s de exame espec\u00edfico. O Minist\u00e9rio da Sa\u00fade informa que foram confirmados [&hellip;]<\/p>\n","protected":false},"author":3,"featured_media":0,"comment_status":"open","ping_status":"open","sticky":false,"template":"","format":"standard","meta":{"tdm_status":"","tdm_grid_status":"","footnotes":""},"categories":[22,5],"tags":[],"class_list":{"0":"post-4611","1":"post","2":"type-post","3":"status-publish","4":"format-standard","6":"category-brasil","7":"category-saude-e-vida"},"_links":{"self":[{"href":"https:\/\/migracao.redenoticia.com.br\/noticia\/wp-json\/wp\/v2\/posts\/4611","targetHints":{"allow":["GET"]}}],"collection":[{"href":"https:\/\/migracao.redenoticia.com.br\/noticia\/wp-json\/wp\/v2\/posts"}],"about":[{"href":"https:\/\/migracao.redenoticia.com.br\/noticia\/wp-json\/wp\/v2\/types\/post"}],"author":[{"embeddable":true,"href":"https:\/\/migracao.redenoticia.com.br\/noticia\/wp-json\/wp\/v2\/users\/3"}],"replies":[{"embeddable":true,"href":"https:\/\/migracao.redenoticia.com.br\/noticia\/wp-json\/wp\/v2\/comments?post=4611"}],"version-history":[{"count":0,"href":"https:\/\/migracao.redenoticia.com.br\/noticia\/wp-json\/wp\/v2\/posts\/4611\/revisions"}],"wp:attachment":[{"href":"https:\/\/migracao.redenoticia.com.br\/noticia\/wp-json\/wp\/v2\/media?parent=4611"}],"wp:term":[{"taxonomy":"category","embeddable":true,"href":"https:\/\/migracao.redenoticia.com.br\/noticia\/wp-json\/wp\/v2\/categories?post=4611"},{"taxonomy":"post_tag","embeddable":true,"href":"https:\/\/migracao.redenoticia.com.br\/noticia\/wp-json\/wp\/v2\/tags?post=4611"}],"curies":[{"name":"wp","href":"https:\/\/api.w.org\/{rel}","templated":true}]}}