{"id":46157,"date":"2013-08-13T21:07:14","date_gmt":"2013-08-14T00:07:14","guid":{"rendered":"http:\/\/www.redenoticia.com.br\/noticia\/?p=46157"},"modified":"2013-08-13T21:07:14","modified_gmt":"2013-08-14T00:07:14","slug":"correios-vao-oferecer-servico-de-envio-digital-de-documentos","status":"publish","type":"post","link":"https:\/\/migracao.redenoticia.com.br\/noticia\/2013\/correios-vao-oferecer-servico-de-envio-digital-de-documentos\/46157","title":{"rendered":"Correios v\u00e3o oferecer servi\u00e7o de envio digital de documentos"},"content":{"rendered":"<p>Bras\u00edlia &#8211; Os Correios inauguraram em Bras\u00edlia o primeiro <em><strong>Centro de Digitaliza\u00e7\u00e3o e Produ\u00e7\u00e3o de Objetos Postais<\/strong><\/em>, que vai digitalizar e imprimir at\u00e9 4,5 milh\u00f5es de correspond\u00eancias por m\u00eas. O novo servi\u00e7o possibilitar\u00e1, por exemplo, que empresas possam enviar digitalmente para os Correios uma vers\u00e3o eletr\u00f4nica das contas dos clientes, que ser\u00e3o impressas no novo centro e entregues na casa do usu\u00e1rio.<\/p>\n<p>O presidente dos Correios, Wagner Pinheiro, explicou que futuramente os documentos poder\u00e3o ser enviados digitalmente pelos Correios aos clientes, sem a vers\u00e3o em papel, a pedido dos pr\u00f3prios consumidores. Segundo ele, o objetivo do novo servi\u00e7o \u00e9 agilizar a remessa de comunica\u00e7\u00e3o a pre\u00e7os mais baixos e custos ambientais menores.<\/p>\n<p>Em um primeiro momento, o servi\u00e7o ser\u00e1 voltado principalmente a \u00f3rg\u00e3os de tr\u00e2nsito, para envio de multas, por exemplo, e governos federal, estaduais e municipais. Logo ap\u00f3s, ser\u00e1 oferecido a outras empresas como bancos e concession\u00e1rias de servi\u00e7os.<\/p>\n<p>Segundo Pinheiro, atualmente os Correios faturam cerca de R$ 600 milh\u00f5es por ano com o servi\u00e7o, que j\u00e1 \u00e9 usado pelo Poder Judici\u00e1rio, e a expectativa \u00e9 aumentar o faturamento para R$ 2,1 bilh\u00f5es em at\u00e9 cinco anos. \u201cA comunica\u00e7\u00e3o digital vai passar a ser um dos nossos principais neg\u00f3cios\u201d, disse.<\/p>\n<p>Pinheiro garantiu que o sigilo dos clientes ser\u00e1 garantido pelos Correios. \u201cVamos fazer a gest\u00e3o desses dados, que s\u00e3o sigilos, e vamos oferecer um servi\u00e7o que, em vez de ser feito por v\u00e1rios grupos da empresa e terceirizadas, vamos fazer o servi\u00e7o inteiro, inclusive a guarda dos documentos. Desse ponto de vista estamos tranquilos porque a popula\u00e7\u00e3o e as empresas brasileiras confiam nos Correios\u201d.<\/p>\n<p>Para 2013, est\u00e3o previstas outras unidades em Florian\u00f3polis e S\u00e3o Paulo e, no ano que vem, devem ser abertas unidades em Bel\u00e9m, Salvador e Belo Horizonte.<\/p>\n<p>Sabrina Craide<br \/>\nRep\u00f3rter da Ag\u00eancia Brasil<br \/>\nEdei\u00e7\u00e3o: A\u00e9cio Amado<\/p>\n","protected":false},"excerpt":{"rendered":"<p>Bras\u00edlia &#8211; Os Correios inauguraram em Bras\u00edlia o primeiro Centro de Digitaliza\u00e7\u00e3o e Produ\u00e7\u00e3o de Objetos Postais, que vai digitalizar e imprimir at\u00e9 4,5 milh\u00f5es de correspond\u00eancias por m\u00eas. O novo servi\u00e7o possibilitar\u00e1, por exemplo, que empresas possam enviar digitalmente para os Correios uma vers\u00e3o eletr\u00f4nica das contas dos clientes, que ser\u00e3o impressas no novo [&hellip;]<\/p>\n","protected":false},"author":2,"featured_media":36257,"comment_status":"open","ping_status":"closed","sticky":false,"template":"","format":"standard","meta":{"tdm_status":"","tdm_grid_status":"","footnotes":""},"categories":[22],"tags":[],"class_list":{"0":"post-46157","1":"post","2":"type-post","3":"status-publish","4":"format-standard","5":"has-post-thumbnail","7":"category-brasil"},"_links":{"self":[{"href":"https:\/\/migracao.redenoticia.com.br\/noticia\/wp-json\/wp\/v2\/posts\/46157","targetHints":{"allow":["GET"]}}],"collection":[{"href":"https:\/\/migracao.redenoticia.com.br\/noticia\/wp-json\/wp\/v2\/posts"}],"about":[{"href":"https:\/\/migracao.redenoticia.com.br\/noticia\/wp-json\/wp\/v2\/types\/post"}],"author":[{"embeddable":true,"href":"https:\/\/migracao.redenoticia.com.br\/noticia\/wp-json\/wp\/v2\/users\/2"}],"replies":[{"embeddable":true,"href":"https:\/\/migracao.redenoticia.com.br\/noticia\/wp-json\/wp\/v2\/comments?post=46157"}],"version-history":[{"count":0,"href":"https:\/\/migracao.redenoticia.com.br\/noticia\/wp-json\/wp\/v2\/posts\/46157\/revisions"}],"wp:featuredmedia":[{"embeddable":true,"href":"https:\/\/migracao.redenoticia.com.br\/noticia\/wp-json\/wp\/v2\/media\/36257"}],"wp:attachment":[{"href":"https:\/\/migracao.redenoticia.com.br\/noticia\/wp-json\/wp\/v2\/media?parent=46157"}],"wp:term":[{"taxonomy":"category","embeddable":true,"href":"https:\/\/migracao.redenoticia.com.br\/noticia\/wp-json\/wp\/v2\/categories?post=46157"},{"taxonomy":"post_tag","embeddable":true,"href":"https:\/\/migracao.redenoticia.com.br\/noticia\/wp-json\/wp\/v2\/tags?post=46157"}],"curies":[{"name":"wp","href":"https:\/\/api.w.org\/{rel}","templated":true}]}}