{"id":46166,"date":"2013-08-13T21:25:21","date_gmt":"2013-08-14T00:25:21","guid":{"rendered":"http:\/\/www.redenoticia.com.br\/noticia\/?p=46166"},"modified":"2013-08-13T21:25:21","modified_gmt":"2013-08-14T00:25:21","slug":"cibercrime-se-tornou-industria-no-brasil-avaliam-analistas","status":"publish","type":"post","link":"https:\/\/migracao.redenoticia.com.br\/noticia\/2013\/cibercrime-se-tornou-industria-no-brasil-avaliam-analistas\/46166","title":{"rendered":"Cibercrime se tornou ind\u00fastria no Brasil, avaliam analistas"},"content":{"rendered":"<p>O <em><strong>cibercrime<\/strong><\/em> no Brasil ganhou destaque no panorama global e, hoje, tem por tr\u00e1s dos ataques uma ind\u00fastria consolidada, segundo indicaram especialistas durante o \u00faltimo dia do V Congresso de Crimes Eletr\u00f4nicos e Formas de Prote\u00e7\u00e3o, realizado pela Federa\u00e7\u00e3o do Com\u00e9rcio de Bens, Servi\u00e7os e Turismo do Estado de S\u00e3o Paulo (FecomercioSP).<\/p>\n<p>&#8220;A gente n\u00e3o est\u00e1 vendo s\u00f3 um aumento do cibercrime em si, mas tamb\u00e9m o tipo de pessoa que est\u00e1 por tr\u00e1s disso n\u00e3o \u00e9 mais o que a gente imaginava. \u00c9 uma organiza\u00e7\u00e3o e tem o cibercrime como um servi\u00e7o. Hoje em dia, a guerra das empresas de antiv\u00edrus n\u00e3o \u00e9 mais contra pessoas. A gente est\u00e1 lutando contra uma ind\u00fastria, que temos que entend\u00ea-la para tentarmos combater os ataques&#8221;, assinalou o analista de v\u00edrus da McAfee, Guilherme Venere.<\/p>\n<p>Segundo os especialistas que participaram do painel, o Brasil produz uma grande quantidade de malwares, que s\u00e3o softwares maliciosos, chegando a criar cerca de 40 novos modelos por dia. &#8220;O cibercrime no Brasil \u00e9 ativo. Somos v\u00edtimas de golpes criados por brasileiros para brasileiros. Hoje, o perfil do cibercriminoso brasileiro \u00e9 muito mais profissional do que dois anos atr\u00e1s. A evolu\u00e7\u00e3o dos c\u00f3digos maliciosos tem surpreendido. Tal evolu\u00e7\u00e3o se deve ao interc\u00e2mbio de conhecimento realizado com cibercriminosos de outras regi\u00f5es&#8221;, indicou o analista de malware na Kaspersky Lab, Fabio Assolini.<\/p>\n<p>O principal tipo de ataque realizado no Pa\u00eds est\u00e1 relacionado ao sistema banc\u00e1rio digital, mas n\u00e3o exclui a presen\u00e7a de outros tipos, como assinalou Venere. &#8220;O malware n\u00e3o \u00e9 s\u00f3 para roubar senhas. \u00c9 muito comum venderem as m\u00e1quinas infectadas para hospedar sites de conte\u00fado ilegal. A m\u00e1quina passa a ser um produto vendido para os mais diversos fins&#8221;, afirmou.<\/p>\n<p>O analista tamb\u00e9m alerta para a volta do spam, a mensagem eletr\u00f4nica maliciosa enviada sem autoriza\u00e7\u00e3o para um grande n\u00famero de usu\u00e1rios. &#8220;O spam est\u00e1 retornando. Ele estava em queda, mas, nesse ano, observa uma const\u00e2ncia no n\u00famero de spams enviados. A taxa di\u00e1ria de spam \u00e9 de mais ou menos 7 milh\u00f5es no Brasil. Sobre botnets, tivemos dois casos bem importantes no Pa\u00eds no ano passado e as duas fam\u00edlias de malwares s\u00e3o usadas praticamente para distribuir spam&#8221;, disse Venere. Botnets s\u00e3o redes que disseminam ataques com computadores controlados por uma entidade criminosa.<\/p>\n<p>No \u00e2mbito da seguran\u00e7a, os especialistas indicam que n\u00e3o \u00e9 poss\u00edvel estar totalmente livre de ataques, mas algumas medidas devem ser tomadas, como o cuidado ao acessar sites e mensagens duvidosas, assim como manter o antiv\u00edrus instalado e atualizado. Al\u00e9m disso, o analista de v\u00edrus da McAfee chamou a aten\u00e7\u00e3o para um problema do mercado.<\/p>\n<p>&#8220;Hoje em dia, o sistema financeiro est\u00e1 lutando contra uma coisa que eles n\u00e3o conhecem bem. Mas esse n\u00e3o \u00e9 um papel s\u00f3 das empresas de antiv\u00edrus e dos bancos. O e-commerce no geral \u00e9 afetado por isso. \u00c9 preciso tentar desenvolver grupos de estudos e formas de estudar essa ind\u00fastria de malwares para tentar entender como combater&#8221;, disse Venere.<br \/>\nAl\u00e9m disso, o analista Fabio Assolini indicou a problem\u00e1tica de puni\u00e7\u00e3o nos casos de cibercrimes. &#8220;A sensa\u00e7\u00e3o de impunidade do cibercriminoso \u00e9 enorme. Ele se sente livre para fazer o que quiser&#8221;, disse.<\/p>\n<p>A respeito dos crimes digitais, o Congresso tamb\u00e9m discutiu as t\u00e9cnicas forenses investigativas. Os especialistas presentes indicaram a necessidade de o profissional envolvido escolher bem o m\u00e9todo, utilizar a ferramenta adequada e a t\u00e9cnica ideal, consolidando um trabalho cient\u00edfico, como indicou o perito especialista em crimes digitais e consultor para a Legaltech Brasil, Jos\u00e9 Milagre.<\/p>\n<p>&#8220;Temos uma s\u00e9rie de princ\u00edpios que s\u00e3o quase que dogmas, os quais v\u00e3o nos orientar. Hoje est\u00e1 havendo uma invers\u00e3o. Ao inv\u00e9s de come\u00e7ar nos princ\u00edpios, os profissionais come\u00e7am nas ferramentas, mas teriam que considerar antes a t\u00e9cnica. E, antes da t\u00e9cnica, a metodologia e, antes, o princ\u00edpio. Quando tenho uma per\u00edcia focada em ferramental, vai ter dificuldade em defender a tese&#8221;, assinalou o perito.<\/p>\n<p>O diretor do Instituto Brasileiro de Peritos, Giuliano Giova, ainda fez outro alerta sobre a tem\u00e1tica. &#8220;Uma per\u00edcia mal feita pode dar a ilus\u00e3o de que se est\u00e1 fazendo o correto, o que \u00e9 muito perigoso&#8221;, disse.<\/p>\n<p>O Marco Civil da Internet, que deve entrar na pauta da C\u00e2mara dos Deputados ainda em agosto, tamb\u00e9m foi alvo de cr\u00edticas dos especialistas em per\u00edcia. &#8220;O Marco Civil n\u00e3o prev\u00ea os recursos e tudo aquilo que \u00e9 necess\u00e1rio para que se produza as provas. \u00c9 muito simples definir algumas coisas na legisla\u00e7\u00e3o, mas onde est\u00e3o os recursos para isso? No ponto de vista eletr\u00f4nico avan\u00e7ou, mas n\u00e3o acrescenta em nada para a per\u00edcia porque as pol\u00edcias ainda v\u00e3o se estruturar&#8221;, indicou Giova.<\/p>\n<p>Tamb\u00e9m participaram do painel o gerente geral da iSIGHT Partners Ibero Am\u00e9rica, Domingo Montanaro; o CEO do The Perfect Link, Fernando De Pinho Barreira; e os moderadores Renato Opice Blum, presidente do Conselho de Tecnologia da Informa\u00e7\u00e3o (TI) da FecomercioSP e o vice-presidente, Rony Vainzof.<\/p>\n<p>O Congresso tamb\u00e9m recebeu palestrantes para discutir as tend\u00eancias do e-commerce e internet banking. Os especialistas citaram casos de problemas com seguran\u00e7a, o uso de certificados e notifica\u00e7\u00f5es digitais para comprovar transa\u00e7\u00f5es eletr\u00f4nicas e, tamb\u00e9m a necessidade das empresas investirem na educa\u00e7\u00e3o do consumidor, para evitar que ele caia em golpes. Participaram do painel o presidente do Conselho de Intera\u00e7\u00e3o e Com\u00e9rcio Eletr\u00f4nico da FecomercioSP e diretor da empresa de certifica\u00e7\u00e3o E-bit, Pedro Guasti; o consultor de Tecnologia da Informa\u00e7\u00e3o (TI), Flavio Xand\u00f3; o CEO da empresa de comprova\u00e7\u00e3o legal de transa\u00e7\u00f5es eletr\u00f4nicas e certifica\u00e7\u00e3o digital do Brasil, a COMPROVA, Marcos Nader; e, tamb\u00e9m, o mediador do debate, o jornalista Edson Perin.<\/p>\n<p>Todas as informa\u00e7\u00f5es do evento est\u00e3o no site: <a href=\"http:\/\/www.fecomercio.com.br\/crimeseletronicos\/\" target=\"_blank\">http:\/\/www.fecomercio.com.br\/crimeseletronicos\/<\/a><\/p>\n<p>Sobre a FecomercioSP<br \/>\nA Federa\u00e7\u00e3o do Com\u00e9rcio de Bens, Servi\u00e7os e Turismo do Estado de S\u00e3o Paulo (FecomercioSP) \u00e9 a principal entidade sindical paulista dos setores de com\u00e9rcio e servi\u00e7os. Respons\u00e1vel por administrar, no Estado, o Servi\u00e7o Social do Com\u00e9rcio (Sesc) e o Servi\u00e7o Nacional de Aprendizagem Comercial (Senac), representa um segmento da economia que mobiliza mais de 1,8 milh\u00e3o de atividades empresariais de todos os portes e congrega 154 sindicatos patronais que respondem por 11% do PIB paulista &#8211; cerca de 4% do PIB brasileiro -, gerando em torno de cinco milh\u00f5es de empregos.<\/p>\n<p>Assessoria de Imprensa FecomercioSP<\/p>\n","protected":false},"excerpt":{"rendered":"<p>O cibercrime no Brasil ganhou destaque no panorama global e, hoje, tem por tr\u00e1s dos ataques uma ind\u00fastria consolidada, segundo indicaram especialistas durante o \u00faltimo dia do V Congresso de Crimes Eletr\u00f4nicos e Formas de Prote\u00e7\u00e3o, realizado pela Federa\u00e7\u00e3o do Com\u00e9rcio de Bens, Servi\u00e7os e Turismo do Estado de S\u00e3o Paulo (FecomercioSP). &#8220;A gente n\u00e3o [&hellip;]<\/p>\n","protected":false},"author":2,"featured_media":37419,"comment_status":"open","ping_status":"closed","sticky":false,"template":"","format":"standard","meta":{"tdm_status":"","tdm_grid_status":"","footnotes":""},"categories":[22],"tags":[],"class_list":{"0":"post-46166","1":"post","2":"type-post","3":"status-publish","4":"format-standard","5":"has-post-thumbnail","7":"category-brasil"},"_links":{"self":[{"href":"https:\/\/migracao.redenoticia.com.br\/noticia\/wp-json\/wp\/v2\/posts\/46166","targetHints":{"allow":["GET"]}}],"collection":[{"href":"https:\/\/migracao.redenoticia.com.br\/noticia\/wp-json\/wp\/v2\/posts"}],"about":[{"href":"https:\/\/migracao.redenoticia.com.br\/noticia\/wp-json\/wp\/v2\/types\/post"}],"author":[{"embeddable":true,"href":"https:\/\/migracao.redenoticia.com.br\/noticia\/wp-json\/wp\/v2\/users\/2"}],"replies":[{"embeddable":true,"href":"https:\/\/migracao.redenoticia.com.br\/noticia\/wp-json\/wp\/v2\/comments?post=46166"}],"version-history":[{"count":0,"href":"https:\/\/migracao.redenoticia.com.br\/noticia\/wp-json\/wp\/v2\/posts\/46166\/revisions"}],"wp:featuredmedia":[{"embeddable":true,"href":"https:\/\/migracao.redenoticia.com.br\/noticia\/wp-json\/wp\/v2\/media\/37419"}],"wp:attachment":[{"href":"https:\/\/migracao.redenoticia.com.br\/noticia\/wp-json\/wp\/v2\/media?parent=46166"}],"wp:term":[{"taxonomy":"category","embeddable":true,"href":"https:\/\/migracao.redenoticia.com.br\/noticia\/wp-json\/wp\/v2\/categories?post=46166"},{"taxonomy":"post_tag","embeddable":true,"href":"https:\/\/migracao.redenoticia.com.br\/noticia\/wp-json\/wp\/v2\/tags?post=46166"}],"curies":[{"name":"wp","href":"https:\/\/api.w.org\/{rel}","templated":true}]}}