{"id":46186,"date":"2013-08-14T14:52:47","date_gmt":"2013-08-14T17:52:47","guid":{"rendered":"http:\/\/www.redenoticia.com.br\/noticia\/?p=46186"},"modified":"2013-08-14T14:52:47","modified_gmt":"2013-08-14T17:52:47","slug":"lista-dos-aprovados-sisutec","status":"publish","type":"post","link":"https:\/\/migracao.redenoticia.com.br\/noticia\/2013\/lista-dos-aprovados-sisutec\/46186","title":{"rendered":"Lista dos aprovados Sisutec"},"content":{"rendered":"<p>Bras\u00edlia &#8211; A lista dos aprovados no Sistema de Sele\u00e7\u00e3o Unificada da Educa\u00e7\u00e3o Profissional e Tecnol\u00f3gica (<em><strong>Sisutec<\/strong><\/em>) j\u00e1 foi divulgada. Os candidatos podem consultar no<a href=\"http:\/\/sisutec.mec.gov.br\/\" target=\"_blank\">\u00a0site\u00a0do programa<\/a>\u00a0o resultado da primeira fase, que tamb\u00e9m pode ser verificado nas institui\u00e7\u00f5es participantes ou pelo telefone 0800-616161, op\u00e7\u00e3o 8. Os selecionados devem estar atentos para a matr\u00edcula, que deve ser feita nesta quinta e sexta-feira (15 e 16).<\/p>\n<p>O candidato selecionado pelo Sisutec dever\u00e1 conferir, na institui\u00e7\u00e3o de ensino em que foi aprovado, o local, hor\u00e1rio e os procedimentos para matr\u00edcula. Aqueles que perderem o prazo, perder\u00e3o a vaga. A segunda chamada ocorre no dia 19, com matr\u00edcula no dia 20. A partir do dia 22 de agosto, as vagas que n\u00e3o forem ocupadas no processo seletivo ser\u00e3o oferecidas pelo Programa Nacional de Acesso ao Ensino T\u00e9cnico e Emprego (Pronatec).<\/p>\n<p>A primeira edi\u00e7\u00e3o do Sisutec teve 383.080 inscritos. Como cada candidato podia fazer at\u00e9 duas op\u00e7\u00f5es, foram 737.229 inscri\u00e7\u00f5es. Os cursos mais procurados foram t\u00e9cnico em seguran\u00e7a do trabalho, com 89.656 inscri\u00e7\u00f5es para 13 mil vagas, seguido de t\u00e9cnico em inform\u00e1tica, com 71.850 candidatos para 23 mil vagas.<\/p>\n<p>A sele\u00e7\u00e3o dos alunos foi feita de acordo com a nota no Exame Nacional do Ensino M\u00e9dio (Enem) de 2012. Do total de vagas, 85% s\u00e3o destinadas aos candidatos que cursaram o ensino m\u00e9dio na rede p\u00fablica ou na rede privada na condi\u00e7\u00e3o de bolsista integral. As vagas s\u00e3o ofertadas em institui\u00e7\u00f5es da rede publica, privada e do Sistema S. Os cursos t\u00eam de um a dois anos de dura\u00e7\u00e3o, com carga hor\u00e1ria entre 800 e 1.200 horas-aula.<\/p>\n<p>Os cursos com maior oferta de vagas s\u00e3o os ligados \u00e0 tecnologia da informa\u00e7\u00e3o, sa\u00fade e \u00e1rea industrial. Lideram a lista os de t\u00e9cnico em inform\u00e1tica (23 mil), t\u00e9cnico em enfermagem (14 mil), t\u00e9cnico em log\u00edstica (13 mil), t\u00e9cnico em seguran\u00e7a do trabalho (13 mil) e t\u00e9cnico em redes de computadores (11 mil). Os estados onde h\u00e1 maior oferta s\u00e3o S\u00e3o Paulo (76 mil), Pernambuco (40 mil), Minas Gerais (27 mil), o Paran\u00e1 (17 mil) e o Distrito Federal (8 mil).<\/p>\n<p>Mariana Tokarnia<br \/>\nRep\u00f3rter da Ag\u00eancia Brasil<br \/>\nEdi\u00e7\u00e3o: Gra\u00e7a Adjuto<\/p>\n","protected":false},"excerpt":{"rendered":"<p>Bras\u00edlia &#8211; A lista dos aprovados no Sistema de Sele\u00e7\u00e3o Unificada da Educa\u00e7\u00e3o Profissional e Tecnol\u00f3gica (Sisutec) j\u00e1 foi divulgada. Os candidatos podem consultar no\u00a0site\u00a0do programa\u00a0o resultado da primeira fase, que tamb\u00e9m pode ser verificado nas institui\u00e7\u00f5es participantes ou pelo telefone 0800-616161, op\u00e7\u00e3o 8. Os selecionados devem estar atentos para a matr\u00edcula, que deve ser [&hellip;]<\/p>\n","protected":false},"author":2,"featured_media":36262,"comment_status":"open","ping_status":"closed","sticky":false,"template":"","format":"standard","meta":{"tdm_status":"","tdm_grid_status":"","footnotes":""},"categories":[22,351,370],"tags":[],"class_list":{"0":"post-46186","1":"post","2":"type-post","3":"status-publish","4":"format-standard","5":"has-post-thumbnail","7":"category-brasil","8":"category-cursos","9":"category-inscricao"},"_links":{"self":[{"href":"https:\/\/migracao.redenoticia.com.br\/noticia\/wp-json\/wp\/v2\/posts\/46186","targetHints":{"allow":["GET"]}}],"collection":[{"href":"https:\/\/migracao.redenoticia.com.br\/noticia\/wp-json\/wp\/v2\/posts"}],"about":[{"href":"https:\/\/migracao.redenoticia.com.br\/noticia\/wp-json\/wp\/v2\/types\/post"}],"author":[{"embeddable":true,"href":"https:\/\/migracao.redenoticia.com.br\/noticia\/wp-json\/wp\/v2\/users\/2"}],"replies":[{"embeddable":true,"href":"https:\/\/migracao.redenoticia.com.br\/noticia\/wp-json\/wp\/v2\/comments?post=46186"}],"version-history":[{"count":0,"href":"https:\/\/migracao.redenoticia.com.br\/noticia\/wp-json\/wp\/v2\/posts\/46186\/revisions"}],"wp:featuredmedia":[{"embeddable":true,"href":"https:\/\/migracao.redenoticia.com.br\/noticia\/wp-json\/wp\/v2\/media\/36262"}],"wp:attachment":[{"href":"https:\/\/migracao.redenoticia.com.br\/noticia\/wp-json\/wp\/v2\/media?parent=46186"}],"wp:term":[{"taxonomy":"category","embeddable":true,"href":"https:\/\/migracao.redenoticia.com.br\/noticia\/wp-json\/wp\/v2\/categories?post=46186"},{"taxonomy":"post_tag","embeddable":true,"href":"https:\/\/migracao.redenoticia.com.br\/noticia\/wp-json\/wp\/v2\/tags?post=46186"}],"curies":[{"name":"wp","href":"https:\/\/api.w.org\/{rel}","templated":true}]}}