{"id":46188,"date":"2013-08-14T14:55:06","date_gmt":"2013-08-14T17:55:06","guid":{"rendered":"http:\/\/www.redenoticia.com.br\/noticia\/?p=46188"},"modified":"2013-08-14T14:55:06","modified_gmt":"2013-08-14T17:55:06","slug":"premio-de-fotografia-ciencia-arte-chega-a-terceira-edicao","status":"publish","type":"post","link":"https:\/\/migracao.redenoticia.com.br\/noticia\/2013\/premio-de-fotografia-ciencia-arte-chega-a-terceira-edicao\/46188","title":{"rendered":"Pr\u00eamio de Fotografia Ci\u00eancia &#038; Arte chega \u00e0 terceira edi\u00e7\u00e3o"},"content":{"rendered":"<p>Ag\u00eancia FAPESP\u00a0\u2013 Com o objetivo de incentivar a produ\u00e7\u00e3o de imagens relacionadas \u00e0 ci\u00eancia, tecnologia e inova\u00e7\u00e3o e ampliar o banco de imagens do Conselho Nacional de Desenvolvimento Cient\u00edfico e Tecnol\u00f3gico (CNPq), o <em><strong>Pr\u00eamio de Fotografia<\/strong> <\/em>Ci\u00eancia &amp; Arte chega \u00e0 sua terceira edi\u00e7\u00e3o e tem inscri\u00e7\u00f5es abertas at\u00e9 30 de agosto.<\/p>\n<p>O pr\u00eamio \u00e9 voltado a estudantes de gradua\u00e7\u00e3o e de p\u00f3s-gradua\u00e7\u00e3o, docentes e pesquisadores brasileiros. Neste ano, poder\u00e3o ser inscritas imagens produzidas por c\u00e2meras fotogr\u00e1ficas (em ambiente silvestre e antr\u00f3pico) ou por instrumentos especiais, como microsc\u00f3pio, lupa ou raio X.<\/p>\n<p>O candidato poder\u00e1 se inscrever em uma \u00fanica categoria. A imagem concorrente dever\u00e1 estar associada \u00e0 atividade cient\u00edfica e tecnol\u00f3gica e ter sido produzida para fundamentar o trabalho de pesquisa do candidato.<\/p>\n<p>A comiss\u00e3o julgadora avaliar\u00e1 as imagens seguindo os crit\u00e9rios de impacto visual, inova\u00e7\u00e3o, relev\u00e2ncia da imagem para a pesquisa, qualidade est\u00e9tica e contribui\u00e7\u00e3o para a populariza\u00e7\u00e3o e divulga\u00e7\u00e3o cient\u00edfica e tecnol\u00f3gica.<\/p>\n<p>Os autores das imagens vencedoras de cada uma das categorias receber\u00e3o o pr\u00eamio de R$ 8 mil. O segundo lugar ganhar\u00e1 R$ 5 mil e o terceiro, R$ 2 mil.<\/p>\n<p>A divulga\u00e7\u00e3o dos vencedores ocorrer\u00e1 at\u00e9 dia 29 de novembro no site do concurso. O primeiro colocado em cada categoria, al\u00e9m do valor em dinheiro, ter\u00e1 direito a passagem a\u00e9rea e hospedagem para participar da reuni\u00e3o anual da Sociedade Brasileira para o Progresso da Ci\u00eancia (SBPC), que ocorrer\u00e1 em julho de 2014, em Rio Branco, no Acre.<\/p>\n<p>O regulamento do concurso e as inscri\u00e7\u00f5es est\u00e3o dispon\u00edveis no site\u00a0<a href=\"http:\/\/www.premiofotografia.cnpq.br\/\" target=\"_blank\">www.premiofotografia.cnpq.br<\/a><\/p>\n","protected":false},"excerpt":{"rendered":"<p>Ag\u00eancia FAPESP\u00a0\u2013 Com o objetivo de incentivar a produ\u00e7\u00e3o de imagens relacionadas \u00e0 ci\u00eancia, tecnologia e inova\u00e7\u00e3o e ampliar o banco de imagens do Conselho Nacional de Desenvolvimento Cient\u00edfico e Tecnol\u00f3gico (CNPq), o Pr\u00eamio de Fotografia Ci\u00eancia &amp; Arte chega \u00e0 sua terceira edi\u00e7\u00e3o e tem inscri\u00e7\u00f5es abertas at\u00e9 30 de agosto. O pr\u00eamio \u00e9 [&hellip;]<\/p>\n","protected":false},"author":2,"featured_media":28951,"comment_status":"open","ping_status":"closed","sticky":false,"template":"","format":"standard","meta":{"tdm_status":"","tdm_grid_status":"","footnotes":""},"categories":[22,370,353],"tags":[],"class_list":{"0":"post-46188","1":"post","2":"type-post","3":"status-publish","4":"format-standard","5":"has-post-thumbnail","7":"category-brasil","8":"category-inscricao","9":"category-oportunidades"},"_links":{"self":[{"href":"https:\/\/migracao.redenoticia.com.br\/noticia\/wp-json\/wp\/v2\/posts\/46188","targetHints":{"allow":["GET"]}}],"collection":[{"href":"https:\/\/migracao.redenoticia.com.br\/noticia\/wp-json\/wp\/v2\/posts"}],"about":[{"href":"https:\/\/migracao.redenoticia.com.br\/noticia\/wp-json\/wp\/v2\/types\/post"}],"author":[{"embeddable":true,"href":"https:\/\/migracao.redenoticia.com.br\/noticia\/wp-json\/wp\/v2\/users\/2"}],"replies":[{"embeddable":true,"href":"https:\/\/migracao.redenoticia.com.br\/noticia\/wp-json\/wp\/v2\/comments?post=46188"}],"version-history":[{"count":0,"href":"https:\/\/migracao.redenoticia.com.br\/noticia\/wp-json\/wp\/v2\/posts\/46188\/revisions"}],"wp:featuredmedia":[{"embeddable":true,"href":"https:\/\/migracao.redenoticia.com.br\/noticia\/wp-json\/wp\/v2\/media\/28951"}],"wp:attachment":[{"href":"https:\/\/migracao.redenoticia.com.br\/noticia\/wp-json\/wp\/v2\/media?parent=46188"}],"wp:term":[{"taxonomy":"category","embeddable":true,"href":"https:\/\/migracao.redenoticia.com.br\/noticia\/wp-json\/wp\/v2\/categories?post=46188"},{"taxonomy":"post_tag","embeddable":true,"href":"https:\/\/migracao.redenoticia.com.br\/noticia\/wp-json\/wp\/v2\/tags?post=46188"}],"curies":[{"name":"wp","href":"https:\/\/api.w.org\/{rel}","templated":true}]}}