{"id":46190,"date":"2013-08-14T15:01:15","date_gmt":"2013-08-14T18:01:15","guid":{"rendered":"http:\/\/www.redenoticia.com.br\/noticia\/?p=46190"},"modified":"2013-08-14T15:01:15","modified_gmt":"2013-08-14T18:01:15","slug":"laboratorio-para-ajudar-cidadao-a-fiscalizar-poder-publico","status":"publish","type":"post","link":"https:\/\/migracao.redenoticia.com.br\/noticia\/2013\/laboratorio-para-ajudar-cidadao-a-fiscalizar-poder-publico\/46190","title":{"rendered":"Laborat\u00f3rio para ajudar cidad\u00e3o a fiscalizar Poder P\u00fablico"},"content":{"rendered":"<p><span style=\"font-size: 13px; line-height: 19px;\">Bras\u00edlia \u2013 A atividade de hacker, um dos temas do 6\u00ba Congresso Internacional Software Livre e Governo Eletr\u00f4nico (Consegi), come\u00e7ou a ser discutida com o in\u00edcio das atividades do \u00d4nibus Hacker. A iniciativa \u00e9 um laborat\u00f3rio para ativistas debaterem as a\u00e7\u00f5es e desenvolver programas e aplicativos, a partir de dados disponibilizados pelo governo, que ajudem o cidad\u00e3o na hora de <em><strong>fiscalizar o Poder P\u00fablico<\/strong><\/em>.<\/span><\/p>\n<p>O projeto tem programa\u00e7\u00f5es durante todo o evento e \u00e9 promovido pela Transpar\u00eancia Hacker, que iniciou suas atividades em 2012 e, desde ent\u00e3o, foram feitas oito invas\u00f5es hackers. Nesta quarta-feira (14), entre os itens da pauta est\u00e1 o Balloon Mapping, uma oficina de mapeamento a\u00e9reo de baixo custo para monitorar obras p\u00fablicas.<\/p>\n<p>O congresso vai discutir pol\u00edticas de software livre e gest\u00e3o de tecnologias para o desenvolvimento de sistemas que promovam a cidadania, interoperabilidade de sistemas de governo e compartilhamento do conhecimento. O evento, que vai at\u00e9 a pr\u00f3xima quinta-feira (15), tem como tema principal Portabilidade, Colabora\u00e7\u00e3o e Integra\u00e7\u00e3o.<\/p>\n<p>Segundo o diretor-presidente do Servi\u00e7o Federal de Processamento de Dados (Serpro), Marcos Mazoni, a quest\u00e3o da portabilidade discute &#8220;a necessidade das aplica\u00e7\u00f5es de governo, voltadas ao cidad\u00e3o, poderem ser utilizadas em diferentes plataformas como computadores, notebooks, tablets e smartphones&#8221;.<\/p>\n<p>A discuss\u00e3o sobre o registro de patentes de software ser\u00e1 um dos temas abordados no Consegi na tarde desta quarta-feira, com o painel sobre panorama das patentes de software no mundo. O evento ter\u00e1 a participa\u00e7\u00e3o do presidente do Instituto Nacional de Propriedade Industrial (Inpi), Jorge \u00c1vila, \u00e0s 14h.<\/p>\n<p>O congresso \u00e9 promovido pelo Serpro e vai oferecer mais de 190 palestras, debates e oficinas gratuitas. Segundo a organiza\u00e7\u00e3o, al\u00e9m de pesquisadores e conferencistas, 720 alunos da rede p\u00fablica e 600 alunos das universidades federais, estaduais, particulares e institutos federais devem participar do evento. O congresso tem transmiss\u00e3o ao vivo\u00a0pelo<a href=\"http:\/\/www.consegi.gov.br\/\" target=\"_blank\">\u00a0site\u00a0do Consegi.<\/a><\/p>\n<p>Heloisa Cristaldo<br \/>\nRep\u00f3rter da Ag\u00eancia Brasil<\/p>\n<p>Edi\u00e7\u00e3o: F\u00e1bio Massalli<\/p>\n","protected":false},"excerpt":{"rendered":"<p>Bras\u00edlia \u2013 A atividade de hacker, um dos temas do 6\u00ba Congresso Internacional Software Livre e Governo Eletr\u00f4nico (Consegi), come\u00e7ou a ser discutida com o in\u00edcio das atividades do \u00d4nibus Hacker. A iniciativa \u00e9 um laborat\u00f3rio para ativistas debaterem as a\u00e7\u00f5es e desenvolver programas e aplicativos, a partir de dados disponibilizados pelo governo, que ajudem [&hellip;]<\/p>\n","protected":false},"author":2,"featured_media":37419,"comment_status":"open","ping_status":"closed","sticky":false,"template":"","format":"standard","meta":{"tdm_status":"","tdm_grid_status":"","footnotes":""},"categories":[22],"tags":[],"class_list":{"0":"post-46190","1":"post","2":"type-post","3":"status-publish","4":"format-standard","5":"has-post-thumbnail","7":"category-brasil"},"_links":{"self":[{"href":"https:\/\/migracao.redenoticia.com.br\/noticia\/wp-json\/wp\/v2\/posts\/46190","targetHints":{"allow":["GET"]}}],"collection":[{"href":"https:\/\/migracao.redenoticia.com.br\/noticia\/wp-json\/wp\/v2\/posts"}],"about":[{"href":"https:\/\/migracao.redenoticia.com.br\/noticia\/wp-json\/wp\/v2\/types\/post"}],"author":[{"embeddable":true,"href":"https:\/\/migracao.redenoticia.com.br\/noticia\/wp-json\/wp\/v2\/users\/2"}],"replies":[{"embeddable":true,"href":"https:\/\/migracao.redenoticia.com.br\/noticia\/wp-json\/wp\/v2\/comments?post=46190"}],"version-history":[{"count":0,"href":"https:\/\/migracao.redenoticia.com.br\/noticia\/wp-json\/wp\/v2\/posts\/46190\/revisions"}],"wp:featuredmedia":[{"embeddable":true,"href":"https:\/\/migracao.redenoticia.com.br\/noticia\/wp-json\/wp\/v2\/media\/37419"}],"wp:attachment":[{"href":"https:\/\/migracao.redenoticia.com.br\/noticia\/wp-json\/wp\/v2\/media?parent=46190"}],"wp:term":[{"taxonomy":"category","embeddable":true,"href":"https:\/\/migracao.redenoticia.com.br\/noticia\/wp-json\/wp\/v2\/categories?post=46190"},{"taxonomy":"post_tag","embeddable":true,"href":"https:\/\/migracao.redenoticia.com.br\/noticia\/wp-json\/wp\/v2\/tags?post=46190"}],"curies":[{"name":"wp","href":"https:\/\/api.w.org\/{rel}","templated":true}]}}