{"id":46194,"date":"2013-08-14T15:08:00","date_gmt":"2013-08-14T18:08:00","guid":{"rendered":"http:\/\/www.redenoticia.com.br\/noticia\/?p=46194"},"modified":"2013-08-14T15:08:00","modified_gmt":"2013-08-14T18:08:00","slug":"seminario-de-economia-industrial-na-unesp","status":"publish","type":"post","link":"https:\/\/migracao.redenoticia.com.br\/noticia\/2013\/seminario-de-economia-industrial-na-unesp\/46194","title":{"rendered":"Semin\u00e1rio de Economia Industrial na Unesp"},"content":{"rendered":"<p>De 14 a 16 de agosto, o GEEIN (Grupo de Estudos em <em><strong>Economia Industrial<\/strong><\/em>) da Unesp realiza, em Araraquara, SP, o XIV Semin\u00e1rio de economia Industrial. O tema central \u00e9 \u201cInova\u00e7\u00e3o, Desenvolvimento e Sustentabilidade\u201d.<\/p>\n<p>Para os organizadores, uma das preocupa\u00e7\u00f5es centrais de gestores de pol\u00edtica, de porta-vozes empresariais e dos estudiosos da economia brasileira tem sido, sem d\u00favida, as condi\u00e7\u00f5es para a continuidade do crescimento do produto e do desenvolvimento da estrutura industrial verificados na \u00faltima d\u00e9cada.<\/p>\n<p>O tema pode ser abordado sob diversos \u00e2ngulos. O elenco tem\u00e1tico do evento tem por objetivo promover a reflex\u00e3o em torno de tr\u00eas aspectos: as perspectivas futuras da economia brasileira, a contribui\u00e7\u00e3o da ind\u00fastria para o desenvolvimento est\u00e1vel e sustent\u00e1vel e, em decorr\u00eancia destes, uma preocupa\u00e7\u00e3o mais espec\u00edfica com as pol\u00edticas de promo\u00e7\u00e3o e financiamento industrial e com as novas atividades industriais voltadas a sustentabilidade ambiental (baixa gera\u00e7\u00e3o de carbono, produtos qu\u00edmicos \u201cverdes\u201d).<\/p>\n<p>Reunindo por tr\u00eas dias especialistas acad\u00eamicos e profissionais dos setores p\u00fablico e privado que enfrentam estes temas e quest\u00f5es, o Semin\u00e1rio pretende construir para uma avalia\u00e7\u00e3o consistente da agenda e retirar proposi\u00e7\u00f5es sobre novos temas de investiga\u00e7\u00e3o e de orienta\u00e7\u00e3o das pol\u00edticas para a promo\u00e7\u00e3o do desenvolvimento tecnol\u00f3gico e da inova\u00e7\u00e3o.<\/p>\n<p>Haver\u00e1 mesas abordando os temas: Localiza\u00e7\u00e3o da Ind\u00fastria; Inova\u00e7\u00e3o e Desenvolvimento Industrial; O Desenvolvimento Recente da China e Implica\u00e7\u00f5es para o Brasil; A Economia de Baixo Carbono; A produ\u00e7\u00e3o de qu\u00edmicos \u201cverdes\u201d; Localiza\u00e7\u00e3o de Atividades Inovativas; e Financiamento do Investimento.<\/p>\n<p>O evento promover\u00e1 a discuss\u00e3o destas quest\u00f5es a partir de pesquisas desenvolvidas e experi\u00eancias profissionais dos convidados, cujos trabalhos ser\u00e3o apreciados por outros pesquisadores. Estes assuntos v\u00eam suscitando interesse e preocupa\u00e7\u00e3o das pol\u00edticas nacional e estadual em C&amp;T e em mat\u00e9ria de desenvolvimento tecnol\u00f3gico, social e ambiental.<\/p>\n<p>Na manh\u00e3 de cada um dos tr\u00eas dias, abrindo as sess\u00f5es do XIV SEI, est\u00e3o programadas mesas para apresenta\u00e7\u00e3o de resultados de trabalhos de inicia\u00e7\u00e3o cient\u00edfica de jovens pesquisadores de jovens pesquisadores, desenvolvidos por aproximadamente sessenta bolsistas \u2013 cerca de 20% do GEEIN e os demais de outras institui\u00e7\u00f5es do pa\u00eds. Diferentemente dos Congressos de Inicia\u00e7\u00e3o Cient\u00edfica internos das Universidades Paulistas, que re\u00fanem diferentes \u00e1reas da mesma institui\u00e7\u00e3o, esta iniciativa reunir\u00e1 bolsistas pesquisadores de IC de diferentes institui\u00e7\u00f5es, mas da mesma \u00e1rea, o que permitir\u00e1 um confronto maior de resultados e experi\u00eancias cient\u00edficas.<\/p>\n<p>Sobre o GEEIN<\/p>\n<p>O Grupo de Estudos em Economia Industrial (GEEIN) iniciou as suas atividades em 1991, nucleando no Departamento de Economia da Faculdade de Ci\u00eancias e Letras da Unesp de Araraquara um conjunto de atividades de pesquisa sobre a economia industrial, a tecnologia e o desenvolvimento econ\u00f4mico<\/p>\n<p>.<br \/>\nDesde o in\u00edcio, O GEEIN procurou integrar-se a outras institui\u00e7\u00f5es, formando a base da rede mais ampla em que hoje est\u00e1 integrado. Projetos como os de Cadeias Produtivas Globais, Diret\u00f3rio da Pesquisa Privada, Observat\u00f3rio de Estrat\u00e9gias de Inova\u00e7\u00e3o, Atividades Tecnol\u00f3gicas de Empresas Multinacionais e Intera\u00e7\u00f5es Universidade-Empresa, realizados ou em andamento com a colabora\u00e7\u00e3o de in\u00fameros pesquisadores de diferentes institui\u00e7\u00f5es, mostram o interesse de integra\u00e7\u00e3o e coopera\u00e7\u00e3o do GEEIN.<\/p>\n<p>As atividades de pesquisa do GEEIN contam, al\u00e9m do apoio da Unesp, com o financiamento da Fapesp, do CNPq, do IPEA, da Capes, da Fundunesp e da Finep. Al\u00e9m dos projetos de pesquisa rec\u00e9m-conclu\u00eddos e em execu\u00e7\u00e3o, o GEEIN vem formando uma s\u00e9rie de la\u00e7os de colabora\u00e7\u00e3o com institui\u00e7\u00f5es de pesquisa universit\u00e1rias e outras, com vistas ao refor\u00e7o dos seus v\u00ednculos institucionais na \u00e1rea de Economia Industrial.<\/p>\n<p>Nestes 22 anos de funcionamento, o GEEIN consagrou esfor\u00e7os sistem\u00e1ticos \u00e0 forma\u00e7\u00e3o de jovens pesquisadores, o que resultou em significativo n\u00famero de projetos e bolsas de inicia\u00e7\u00e3o cient\u00edfica.<\/p>\n<p>A maioria destas dezenas de bolsistas formados nas atividades de pesquisa do GEEIN encontra-se inseridos em programas de p\u00f3s-gradua\u00e7\u00e3o ou em prestigiadas institui\u00e7\u00f5es p\u00fablicas e privadas. Os jovens egressos do GEEIN est\u00e3o vocacionados para a carreira cient\u00edfica e de an\u00e1lise profissional qualificada.<\/p>\n<p>Assessoria de Comunica\u00e7\u00e3o e Imprensa<\/p>\n","protected":false},"excerpt":{"rendered":"<p>De 14 a 16 de agosto, o GEEIN (Grupo de Estudos em Economia Industrial) da Unesp realiza, em Araraquara, SP, o XIV Semin\u00e1rio de economia Industrial. O tema central \u00e9 \u201cInova\u00e7\u00e3o, Desenvolvimento e Sustentabilidade\u201d. Para os organizadores, uma das preocupa\u00e7\u00f5es centrais de gestores de pol\u00edtica, de porta-vozes empresariais e dos estudiosos da economia brasileira tem [&hellip;]<\/p>\n","protected":false},"author":2,"featured_media":38938,"comment_status":"open","ping_status":"closed","sticky":false,"template":"","format":"standard","meta":{"tdm_status":"","tdm_grid_status":"","footnotes":""},"categories":[22,7],"tags":[],"class_list":{"0":"post-46194","1":"post","2":"type-post","3":"status-publish","4":"format-standard","5":"has-post-thumbnail","7":"category-brasil","8":"category-economia"},"_links":{"self":[{"href":"https:\/\/migracao.redenoticia.com.br\/noticia\/wp-json\/wp\/v2\/posts\/46194","targetHints":{"allow":["GET"]}}],"collection":[{"href":"https:\/\/migracao.redenoticia.com.br\/noticia\/wp-json\/wp\/v2\/posts"}],"about":[{"href":"https:\/\/migracao.redenoticia.com.br\/noticia\/wp-json\/wp\/v2\/types\/post"}],"author":[{"embeddable":true,"href":"https:\/\/migracao.redenoticia.com.br\/noticia\/wp-json\/wp\/v2\/users\/2"}],"replies":[{"embeddable":true,"href":"https:\/\/migracao.redenoticia.com.br\/noticia\/wp-json\/wp\/v2\/comments?post=46194"}],"version-history":[{"count":0,"href":"https:\/\/migracao.redenoticia.com.br\/noticia\/wp-json\/wp\/v2\/posts\/46194\/revisions"}],"wp:featuredmedia":[{"embeddable":true,"href":"https:\/\/migracao.redenoticia.com.br\/noticia\/wp-json\/wp\/v2\/media\/38938"}],"wp:attachment":[{"href":"https:\/\/migracao.redenoticia.com.br\/noticia\/wp-json\/wp\/v2\/media?parent=46194"}],"wp:term":[{"taxonomy":"category","embeddable":true,"href":"https:\/\/migracao.redenoticia.com.br\/noticia\/wp-json\/wp\/v2\/categories?post=46194"},{"taxonomy":"post_tag","embeddable":true,"href":"https:\/\/migracao.redenoticia.com.br\/noticia\/wp-json\/wp\/v2\/tags?post=46194"}],"curies":[{"name":"wp","href":"https:\/\/api.w.org\/{rel}","templated":true}]}}