{"id":46196,"date":"2013-08-14T15:16:19","date_gmt":"2013-08-14T18:16:19","guid":{"rendered":"http:\/\/www.redenoticia.com.br\/noticia\/?p=46196"},"modified":"2013-08-14T15:16:19","modified_gmt":"2013-08-14T18:16:19","slug":"miss-sao-paulo-sera-transmitido-em-hd","status":"publish","type":"post","link":"https:\/\/migracao.redenoticia.com.br\/noticia\/2013\/miss-sao-paulo-sera-transmitido-em-hd\/46196","title":{"rendered":"Miss S\u00e3o Paulo ser\u00e1 transmitido em HD"},"content":{"rendered":"<p>A 59\u00aa edi\u00e7\u00e3o do <em><strong>Miss S\u00e3o Paulo<\/strong><\/em> ser\u00e1 realizada no pr\u00f3ximo s\u00e1bado, dia 17, sob o comando de Renata Fan e transmiss\u00e3o ao vivo e exclusiva da Band e do <a href=\"band.com.br\" target=\"_blank\">band.com.br<\/a>. A partir das 22h15, direto do Pal\u00e1cio das Conven\u00e7\u00f5es do Anhembi, 30 candidatas disputam o posto da mulher mais bela do estado de S\u00e3o Paulo, conquista que garantir\u00e1 \u00e0 vencedora uma vaga no Miss Brasil 2013. O evento, que contar\u00e1 com uma apresenta\u00e7\u00e3o da cantora Wanessa, mobiliza cerca 300 de profissionais e ser\u00e1 transmitido em HD.<\/p>\n<p>A semana que antecede o concurso est\u00e1 sendo bastante movimentada para as candidatas. Hospedadas no Hotel Maksoud Plaza desde o dia 10, elas t\u00eam enfrentado uma rotina de ensaios, provas de roupa, maquiagem e cabelo, al\u00e9m de grava\u00e7\u00f5es em pontos tur\u00edsticos da cidade. Entre os passeios, um piquenique na Funda\u00e7\u00e3o Maria Lu\u00edsa e Oscar Americano &#8211; onde as garotas elegeram a Miss Simpatia, que ser\u00e1 conhecida durante a transmiss\u00e3o do concurso &#8211; uma visita \u00e0 Funda\u00e7\u00e3o Zezinho, um jantar no restaurante Shintori, al\u00e9m de uma divertida noite na Royal Club. As candidatas tamb\u00e9m encaram aulas de dan\u00e7a na academia Bodytech e relaxam no Hara Spa.<\/p>\n<p>As misses ir\u00e3o desfilar em tr\u00eas trajes diferentes: gala, biqu\u00edni e mai\u00f4. A passarela do Miss S\u00e3o Paulo 2013 contar\u00e1 com muito brilho tamb\u00e9m. Os trajes de gala e os acess\u00f3rios foram confeccionados especialmente para a ocasi\u00e3o pelo estilista mineiro Alexandre Dutra e pelo designer de joias Pedro Muraro. J\u00e1 os biqu\u00ednis e mai\u00f4s s\u00e3o da marca Regina Moya, len\u00e7os da Scarf Me, acess\u00f3rios da Opto Design e de Fabrizio Giannone e sapatos da Dumond. A performance e as coreografias s\u00e3o supervisionadas pelo core\u00f3grafo Wilson Aguiar.<\/p>\n<p>O concurso &#8211; A classifica\u00e7\u00e3o acontece em quatro etapas distintas. Na primeira, os jurados ir\u00e3o selecionar apenas 14 candidatas, das 30 que estar\u00e3o no palco. A 15\u00ba candidata ser\u00e1 escolhida pelo p\u00fablico, que pode votar na sua preferida no www.band.com.br\/miss. Na sequ\u00eancia, 10 garotas ser\u00e3o escolhidas. A terceira etapa seleciona cinco e, finalmente, no quarto passo, s\u00e3o definidas as tr\u00eas finalistas.<\/p>\n<p>Al\u00e9m de garantir uma vaga no Miss Brasil 2013, que ser\u00e1 realizado em Belo Horizonte dia 28 de setembro, a vencedora do concurso ganha o t\u00edtulo de Miss S\u00e3o Paulo 2013, uma coroa e um par de brincos assinados pelo designer Pedro Muraru e um carro zero km. A segunda colocada ser\u00e1 premiada com uma viagem com acompanhante para Canc\u00fan, enquanto a terceira leva uma viagem com acompanhante para o Nordeste.<\/p>\n<p>Na hist\u00f3ria do mais importante concurso de beleza do pa\u00eds, S\u00e3o Paulo ostenta oito t\u00edtulos de Miss Brasil, perdendo apenas para o Rio Grande do Sul, que ganhou dez vezes. As candidatas paulistas venceram a disputa nacional em 1967, 1973, 1974, 1976, 1977, 1984, 1991 e 1994, quando a paulista Val\u00e9ria Peris foi eleita Miss Brasil.<\/p>\n<p>O Miss S\u00e3o Paulo 2013 tem produ\u00e7\u00e3o e dire\u00e7\u00e3o art\u00edstica da Floresta Produ\u00e7\u00f5es para televis\u00e3o.<\/p>\n<p>Conhe\u00e7a as candidatas ao t\u00edtulo de Miss S\u00e3o Paulo 2013:<\/p>\n<p>Miss Americana &#8211; Jhenifer Sborchia, 20 anos;<br \/>\nMiss Am\u00e9rico Brasiliense &#8211; Rafaela Martins de Oliveira, 21 anos;<br \/>\nMiss Araras &#8211; Mayara Paitz Salvador, 25 anos;<br \/>\nMiss Atibaia &#8211; Sarah Alves, 24 anos;<br \/>\nMiss Campinas &#8211; Bruna Nachber, 19 anos;<br \/>\nMiss Carapicu\u00edba &#8211; Caroline Chafauzer, 22 anos;<br \/>\nMiss Cordeir\u00f3polis &#8211; Camila Dias Mol, 23 anos;<br \/>\nMiss Diadema &#8211; Bruna Michels, 24 anos;<br \/>\nMiss Francisco Morato &#8211; Daniela Marques Guedes De Sousa, 19 anos;<br \/>\nMiss Indaiatuba &#8211; M\u00f4nia Knauf, 20 anos;<br \/>\nMiss Iracem\u00e1polis &#8211; Larissa Israel, 20 anos;<br \/>\nMiss Itu &#8211; Rafaela Schiavoni Gonzaga, 20 anos;<br \/>\nMiss Jacare\u00ed &#8211; Juliana de Miranda Silva, 19 anos;<br \/>\nMiss Jaguari\u00fana &#8211; Alane de Oliveira Silva, 23 anos;<br \/>\nMiss Ja\u00fa &#8211; Rafaela Caleffi Pereira, 20 anos;<br \/>\nMiss Leme &#8211; Paula Piccoli, 23 anos;<br \/>\nMiss Limeira &#8211; Renata Schenoor Corbine, 20 anos;<br \/>\nMiss Mar\u00edlia &#8211; Ariadne Tera\u00e7an, 25 anos;<br \/>\nMiss Mogi Gua\u00e7u &#8211; J\u00e9ssica Fran\u00e7a Moreira, 21 anos;<br \/>\nMiss Piracicaba &#8211; Yasmin Furlan, 18 anos;<br \/>\nMiss Ribeir\u00e3o Pires &#8211; Fernanda Alves Santos, 19 anos;<br \/>\nMiss Rifaina &#8211; Tha\u00eds Gabrieli de Andrade, 25 anos;<br \/>\nMiss Rio Claro &#8211; Milena Niedziekcik, 19 anos;<br \/>\nMiss Santo Andr\u00e9 &#8211; Rafaela Machado, 23 anos;<br \/>\nMiss S\u00e3o Jos\u00e9 do Rio Preto &#8211; L\u00eddia Lima Queiroz, 21 anos;<br \/>\nMiss S\u00e3o Jos\u00e9 dos Campos &#8211; Emily do Nascimento Lino, 25 anos;<br \/>\nMiss S\u00e3o Paulo &#8211; Drielly Benettonne, 25 anos;<br \/>\nMiss Socorro &#8211; Daiane Cardozo, 19 anos;<br \/>\nMiss Sumar\u00e9 &#8211; Dora Santos de Oliveira, 23 anos;<br \/>\nMiss Tapiratiba &#8211; Let\u00edcia Maejima, 20 anos.<\/p>\n<p>Conhe\u00e7a os jurados do Miss S\u00e3o Paulo 2013:<\/p>\n<p>&#8211; Cozete Gomes, empres\u00e1ria;<br \/>\n&#8211; D\u00e9bora Lyra, Miss Brasil 2010;<br \/>\n&#8211; Dr. Rodrigo Pinto, cirurgi\u00e3o pl\u00e1stico;<br \/>\n&#8211; Dra. Clara Goes, dermatologista;<br \/>\n&#8211; Gabriela Markus, Miss Brasil 2012;<br \/>\n&#8211; Marco Ant\u00f4nio de Biaggi, cabelereiro;<br \/>\n&#8211; Mariana Weickert, apresentadora do programa \u201cA Liga\u201d, da Band;<br \/>\n&#8211; Yan Acioli, stylist;<\/p>\n<p>J\u00fari t\u00e9cnico:<\/p>\n<p>&#8211; Gabriela Fagliari, diretora de Planejamento e Projetos da Enter;<br \/>\n&#8211; Rafael Mendon\u00e7a, jornalista;<br \/>\n&#8211; Jana Rosa, blogueira e colunista de moda;<\/p>\n<p>Assessoria de Comunica\u00e7\u00e3o Grupo Bandeirantes<\/p>\n","protected":false},"excerpt":{"rendered":"<p>A 59\u00aa edi\u00e7\u00e3o do Miss S\u00e3o Paulo ser\u00e1 realizada no pr\u00f3ximo s\u00e1bado, dia 17, sob o comando de Renata Fan e transmiss\u00e3o ao vivo e exclusiva da Band e do band.com.br. A partir das 22h15, direto do Pal\u00e1cio das Conven\u00e7\u00f5es do Anhembi, 30 candidatas disputam o posto da mulher mais bela do estado de S\u00e3o [&hellip;]<\/p>\n","protected":false},"author":2,"featured_media":30995,"comment_status":"open","ping_status":"closed","sticky":false,"template":"","format":"standard","meta":{"tdm_status":"","tdm_grid_status":"","footnotes":""},"categories":[22],"tags":[],"class_list":{"0":"post-46196","1":"post","2":"type-post","3":"status-publish","4":"format-standard","5":"has-post-thumbnail","7":"category-brasil"},"_links":{"self":[{"href":"https:\/\/migracao.redenoticia.com.br\/noticia\/wp-json\/wp\/v2\/posts\/46196","targetHints":{"allow":["GET"]}}],"collection":[{"href":"https:\/\/migracao.redenoticia.com.br\/noticia\/wp-json\/wp\/v2\/posts"}],"about":[{"href":"https:\/\/migracao.redenoticia.com.br\/noticia\/wp-json\/wp\/v2\/types\/post"}],"author":[{"embeddable":true,"href":"https:\/\/migracao.redenoticia.com.br\/noticia\/wp-json\/wp\/v2\/users\/2"}],"replies":[{"embeddable":true,"href":"https:\/\/migracao.redenoticia.com.br\/noticia\/wp-json\/wp\/v2\/comments?post=46196"}],"version-history":[{"count":0,"href":"https:\/\/migracao.redenoticia.com.br\/noticia\/wp-json\/wp\/v2\/posts\/46196\/revisions"}],"wp:featuredmedia":[{"embeddable":true,"href":"https:\/\/migracao.redenoticia.com.br\/noticia\/wp-json\/wp\/v2\/media\/30995"}],"wp:attachment":[{"href":"https:\/\/migracao.redenoticia.com.br\/noticia\/wp-json\/wp\/v2\/media?parent=46196"}],"wp:term":[{"taxonomy":"category","embeddable":true,"href":"https:\/\/migracao.redenoticia.com.br\/noticia\/wp-json\/wp\/v2\/categories?post=46196"},{"taxonomy":"post_tag","embeddable":true,"href":"https:\/\/migracao.redenoticia.com.br\/noticia\/wp-json\/wp\/v2\/tags?post=46196"}],"curies":[{"name":"wp","href":"https:\/\/api.w.org\/{rel}","templated":true}]}}