{"id":4620,"date":"2009-07-05T12:29:40","date_gmt":"2009-07-05T16:29:40","guid":{"rendered":"http:\/\/www.redenoticia.com.br\/noticia\/?p=4620"},"modified":"2009-07-05T15:52:40","modified_gmt":"2009-07-05T19:52:40","slug":"ji-parana-vai-sediar-audiencia-publica-para-debater-o-codigo-ambiental-em-rondonia","status":"publish","type":"post","link":"https:\/\/migracao.redenoticia.com.br\/noticia\/2009\/ji-parana-vai-sediar-audiencia-publica-para-debater-o-codigo-ambiental-em-rondonia\/4620","title":{"rendered":"Ji-Paran\u00e1 vai sediar Audi\u00eancia P\u00fablica para debater o C\u00f3digo Ambiental em Rond\u00f4nia"},"content":{"rendered":"<p>O Parque de Exposi\u00e7\u00f5es Herm\u00ednio Victorelli, onde acontece a 30\u00aa EXPOJIPA \u2013 Exposi\u00e7\u00e3o Agropecu\u00e1ria, Industrial e Comercial de Ji-Paran\u00e1, a maior de Rond\u00f4nia, vai receber nesta quinta (09), \u00e0s 3h da tarde, a Comiss\u00e3o de Agricultura, Pecu\u00e1ria, Abastecimento e Desenvolvimento Rural para uma Audi\u00eancia P\u00fablica.<\/p>\n<p>Esta audi\u00eancia foi agendada pelo Deputado Federal Moreira Mendes (PPS\/RO) e discutir\u00e1 a proposta do novo C\u00f3digo Ambiental, a lei de regulariza\u00e7\u00e3o de terras p\u00fablicas na Amaz\u00f4nia, o fechamento de frigor\u00edficos e empresas comercializadoras de carne e outros temas que dizem respeito ao setor rural, especialmente na Amaz\u00f4nia.<\/p>\n<p>A proposta de C\u00f3digo Ambiental \u00e9 bastante ampla e promete gerar muita pol\u00eamica em pontos como o que define que as licen\u00e7as ambientais ser\u00e3o emitidas automaticamente se n\u00e3o houver uma resposta dos \u00f3rg\u00e3os competentes em at\u00e9 60 dias ap\u00f3s o protocolo.<\/p>\n<p>A assessoria do Deputado Moreira Mendes (PPS Rond\u00f4nia) informou que seis parlamentares j\u00e1 confirmaram presen\u00e7a no evento, entre eles o presidente da Frente Parlamentar da Agropecu\u00e1ria, deputado Valdir Colatto (PMDB-SC) e os deputados Abelardo Lupion (DEM-PR), Marcos Montes (DEM-MG), Giovanni Queiroz (PDT-PA), Duarte Nogueira (PSDB-SP) e Homero Pereira (PR-MT).<\/p>\n<p>Ontem (04) durante a abertura da 30\u00aa Expojipa, o Senador Valdir Raupp ressaltou a import\u00e2ncia da audi\u00eancia ser em Ji-Paran\u00e1, regi\u00e3o central do Estado, e ocorrer dentro da maior feira agropecu\u00e1ria de Rond\u00f4nia.<\/p>\n<p>Quem tamb\u00e9m est\u00e1 sendo muito esperada e dever\u00e1 participar da audi\u00eancia p\u00fablica \u00e9 a presidente da CNA &#8211; Confedera\u00e7\u00e3o Nacional da Agricultura, senadora K\u00e1tia Abreu (DEM-TO).<\/p>\n<p>A Frente Parlamentar da Agropecu\u00e1ria j\u00e1 esteve no Par\u00e1 e pretende manter os debates sobre a proposta em outros Estados.<\/p>\n","protected":false},"excerpt":{"rendered":"<p>O Parque de Exposi\u00e7\u00f5es Herm\u00ednio Victorelli, onde acontece a 30\u00aa EXPOJIPA \u2013 Exposi\u00e7\u00e3o Agropecu\u00e1ria, Industrial e Comercial de Ji-Paran\u00e1, a maior de Rond\u00f4nia, vai receber nesta quinta (09), \u00e0s 3h da tarde, a Comiss\u00e3o de Agricultura, Pecu\u00e1ria, Abastecimento e Desenvolvimento Rural para uma Audi\u00eancia P\u00fablica. Esta audi\u00eancia foi agendada pelo Deputado Federal Moreira Mendes (PPS\/RO) [&hellip;]<\/p>\n","protected":false},"author":3,"featured_media":0,"comment_status":"open","ping_status":"open","sticky":false,"template":"","format":"standard","meta":{"tdm_status":"","tdm_grid_status":"","footnotes":""},"categories":[22],"tags":[],"class_list":{"0":"post-4620","1":"post","2":"type-post","3":"status-publish","4":"format-standard","6":"category-brasil"},"_links":{"self":[{"href":"https:\/\/migracao.redenoticia.com.br\/noticia\/wp-json\/wp\/v2\/posts\/4620","targetHints":{"allow":["GET"]}}],"collection":[{"href":"https:\/\/migracao.redenoticia.com.br\/noticia\/wp-json\/wp\/v2\/posts"}],"about":[{"href":"https:\/\/migracao.redenoticia.com.br\/noticia\/wp-json\/wp\/v2\/types\/post"}],"author":[{"embeddable":true,"href":"https:\/\/migracao.redenoticia.com.br\/noticia\/wp-json\/wp\/v2\/users\/3"}],"replies":[{"embeddable":true,"href":"https:\/\/migracao.redenoticia.com.br\/noticia\/wp-json\/wp\/v2\/comments?post=4620"}],"version-history":[{"count":0,"href":"https:\/\/migracao.redenoticia.com.br\/noticia\/wp-json\/wp\/v2\/posts\/4620\/revisions"}],"wp:attachment":[{"href":"https:\/\/migracao.redenoticia.com.br\/noticia\/wp-json\/wp\/v2\/media?parent=4620"}],"wp:term":[{"taxonomy":"category","embeddable":true,"href":"https:\/\/migracao.redenoticia.com.br\/noticia\/wp-json\/wp\/v2\/categories?post=4620"},{"taxonomy":"post_tag","embeddable":true,"href":"https:\/\/migracao.redenoticia.com.br\/noticia\/wp-json\/wp\/v2\/tags?post=4620"}],"curies":[{"name":"wp","href":"https:\/\/api.w.org\/{rel}","templated":true}]}}