{"id":46213,"date":"2013-08-15T13:35:11","date_gmt":"2013-08-15T16:35:11","guid":{"rendered":"http:\/\/www.redenoticia.com.br\/noticia\/?p=46213"},"modified":"2013-08-15T13:35:11","modified_gmt":"2013-08-15T16:35:11","slug":"escola-de-engenharia-de-sao-carlos-tem-concurso-de-livre-docencia","status":"publish","type":"post","link":"https:\/\/migracao.redenoticia.com.br\/noticia\/2013\/escola-de-engenharia-de-sao-carlos-tem-concurso-de-livre-docencia\/46213","title":{"rendered":"Escola de Engenharia de S\u00e3o Carlos tem concurso de livre-doc\u00eancia"},"content":{"rendered":"<p>Ag\u00eancia FAPESP\u00a0\u2013 A Escola de Engenharia de S\u00e3o Carlos da Universidade de S\u00e3o Paulo (EESC-USP) est\u00e1 com as inscri\u00e7\u00f5es abertas, at\u00e9 30 de agosto, para o <em><strong>concurso de t\u00edtulos e provas<\/strong><\/em> que visa a obten\u00e7\u00e3o do t\u00edtulo de livre-docente em v\u00e1rios departamentos da EESC.<\/p>\n<p>Fazem parte do concurso os seguintes departamentos: Engenharia de Estruturas, Hidr\u00e1ulica e Saneamento, Engenharia Mec\u00e2nica, Engenharia El\u00e9trica e de Computa\u00e7\u00e3o, Geotecnia, Engenharia de Transportes, Engenharia de Materiais, Engenharia de Produ\u00e7\u00e3o e Engenharia Aeron\u00e1utica.<\/p>\n<p>As inscri\u00e7\u00f5es s\u00e3o recebidas pessoalmente, por procura\u00e7\u00e3o ou por correspond\u00eancia, na sede da EESC-USP e ser\u00e3o julgadas por uma comiss\u00e3o. As inscri\u00e7\u00f5es aceitas ser\u00e3o publicadas em edital.<\/p>\n<p>O concurso envolver\u00e1 a realiza\u00e7\u00e3o de prova escrita, defesa de tese, julgamento do memorial e avalia\u00e7\u00e3o did\u00e1tica. A prova escrita ser\u00e1 baseada em um dos pontos do conte\u00fado program\u00e1tico que ser\u00e1 sorteado pela comiss\u00e3o e ter\u00e1 dura\u00e7\u00e3o m\u00e1xima de cinco horas.<\/p>\n<p>Na defesa p\u00fablica da tese, ser\u00e3o considerados o valor do trabalho, o dom\u00ednio do assunto e a contribui\u00e7\u00e3o na \u00e1rea de conhecimento pertinente. A comiss\u00e3o far\u00e1 o julgamento do memorial do candidato considerando, preferencialmente, o conjunto das atividades realizadas e os t\u00edtulos obtidos ap\u00f3s a obten\u00e7\u00e3o do grau de doutor.<\/p>\n<p>Na prova de avalia\u00e7\u00e3o did\u00e1tica, o candidato ministrar\u00e1 uma aula em n\u00edvel de p\u00f3s-gradua\u00e7\u00e3o, quando ser\u00e1 verificada a capacidade de organiza\u00e7\u00e3o e a produ\u00e7\u00e3o did\u00e1tica. A apresenta\u00e7\u00e3o n\u00e3o poder\u00e1 ultrapassar os 60 minutos determinados.<\/p>\n<p>O programa completo das disciplinas envolvidas e a ficha de inscri\u00e7\u00e3o est\u00e3o dispon\u00edveis no site<a href=\"http:\/\/www.eesc.usp.br\/portaleesc\/index.php?option=com_content&amp;view=article&amp;id=1047:edital-54-2013-livre-docente-departamentos-da-eesc&amp;catid=153&amp;Itemid=342\" target=\"_blank\">www.eesc.usp.br\/portaleesc\/index.php?option=com_content&amp;view=article&amp;id=1047:edital-54-2013-livre-docente-departamentos-da-eesc&amp;catid=153&amp;Itemid=342<\/a><\/p>\n","protected":false},"excerpt":{"rendered":"<p>Ag\u00eancia FAPESP\u00a0\u2013 A Escola de Engenharia de S\u00e3o Carlos da Universidade de S\u00e3o Paulo (EESC-USP) est\u00e1 com as inscri\u00e7\u00f5es abertas, at\u00e9 30 de agosto, para o concurso de t\u00edtulos e provas que visa a obten\u00e7\u00e3o do t\u00edtulo de livre-docente em v\u00e1rios departamentos da EESC. Fazem parte do concurso os seguintes departamentos: Engenharia de Estruturas, Hidr\u00e1ulica [&hellip;]<\/p>\n","protected":false},"author":2,"featured_media":28960,"comment_status":"open","ping_status":"closed","sticky":false,"template":"","format":"standard","meta":{"tdm_status":"","tdm_grid_status":"","footnotes":""},"categories":[22,370,353],"tags":[],"class_list":{"0":"post-46213","1":"post","2":"type-post","3":"status-publish","4":"format-standard","5":"has-post-thumbnail","7":"category-brasil","8":"category-inscricao","9":"category-oportunidades"},"_links":{"self":[{"href":"https:\/\/migracao.redenoticia.com.br\/noticia\/wp-json\/wp\/v2\/posts\/46213","targetHints":{"allow":["GET"]}}],"collection":[{"href":"https:\/\/migracao.redenoticia.com.br\/noticia\/wp-json\/wp\/v2\/posts"}],"about":[{"href":"https:\/\/migracao.redenoticia.com.br\/noticia\/wp-json\/wp\/v2\/types\/post"}],"author":[{"embeddable":true,"href":"https:\/\/migracao.redenoticia.com.br\/noticia\/wp-json\/wp\/v2\/users\/2"}],"replies":[{"embeddable":true,"href":"https:\/\/migracao.redenoticia.com.br\/noticia\/wp-json\/wp\/v2\/comments?post=46213"}],"version-history":[{"count":0,"href":"https:\/\/migracao.redenoticia.com.br\/noticia\/wp-json\/wp\/v2\/posts\/46213\/revisions"}],"wp:featuredmedia":[{"embeddable":true,"href":"https:\/\/migracao.redenoticia.com.br\/noticia\/wp-json\/wp\/v2\/media\/28960"}],"wp:attachment":[{"href":"https:\/\/migracao.redenoticia.com.br\/noticia\/wp-json\/wp\/v2\/media?parent=46213"}],"wp:term":[{"taxonomy":"category","embeddable":true,"href":"https:\/\/migracao.redenoticia.com.br\/noticia\/wp-json\/wp\/v2\/categories?post=46213"},{"taxonomy":"post_tag","embeddable":true,"href":"https:\/\/migracao.redenoticia.com.br\/noticia\/wp-json\/wp\/v2\/tags?post=46213"}],"curies":[{"name":"wp","href":"https:\/\/api.w.org\/{rel}","templated":true}]}}