{"id":46215,"date":"2013-08-15T13:36:50","date_gmt":"2013-08-15T16:36:50","guid":{"rendered":"http:\/\/www.redenoticia.com.br\/noticia\/?p=46215"},"modified":"2013-08-15T13:36:50","modified_gmt":"2013-08-15T16:36:50","slug":"atividade-economica-perde-ritmo","status":"publish","type":"post","link":"https:\/\/migracao.redenoticia.com.br\/noticia\/2013\/atividade-economica-perde-ritmo\/46215","title":{"rendered":"Atividade econ\u00f4mica perde ritmo"},"content":{"rendered":"<p>Bras\u00edlia &#8211; A <em><strong>atividade econ\u00f4mica<\/strong><\/em> apresentou crescimento de 0,89% no segundo trimestre, em rela\u00e7\u00e3o ao tr\u00eas primeiros meses deste ano. \u00c9 o que mostra o \u00cdndice de Atividade Econ\u00f4mica do Banco Central (IBC-Br) dessazonalizado (ajustado para o per\u00edodo), divulgado hoje (15). A atividade econ\u00f4mica perdeu ritmo de crescimento, uma vez que no primeiro trimestre deste ano comparado com o quarto de 2012, a expans\u00e3o ficou em 1,10% de acordo com os dados revisados.<\/p>\n<p>Na compara\u00e7\u00e3o entre o segundo trimestre deste ano com igual per\u00edodo de 2012, a expans\u00e3o ficou em 3,97%, segundos os dados revisados e sem ajustes sazonais. No ano, a expans\u00e3o do IBC-Br ficou em 2,90% e em 12 meses encerrados em junho, em 1,94%.<\/p>\n<p>Em junho, comparado com o m\u00eas anterior, a expans\u00e3o ficou em 1,13% (dado ajustado para o per\u00edodo). Na compara\u00e7\u00e3o entre junho e o mesmo m\u00eas de 2012, houve expans\u00e3o de 2,35% (sem ajustes).<\/p>\n<p>O IBC-Br \u00e9 uma forma de avaliar e antecipar a evolu\u00e7\u00e3o da economia brasileira. O \u00edndice incorpora informa\u00e7\u00f5es sobre o n\u00edvel da atividade dos tr\u00eas setores da economia: ind\u00fastria, com\u00e9rcio e servi\u00e7os e agropecu\u00e1ria.<\/p>\n<p>O acompanhamento do indicador \u00e9 considerado importante pelo BC para que haja maior compreens\u00e3o da atividade econ\u00f4mica, al\u00e9m de ajudar na tomada de decis\u00e3o sobre a taxa b\u00e1sica de juros, a Selic.<\/p>\n<p>Kelly Oliveira<br \/>\nRep\u00f3rter da Ag\u00eancia Brasil<br \/>\nEdi\u00e7\u00e3o: Talita Cavalcante<\/p>\n","protected":false},"excerpt":{"rendered":"<p>Bras\u00edlia &#8211; A atividade econ\u00f4mica apresentou crescimento de 0,89% no segundo trimestre, em rela\u00e7\u00e3o ao tr\u00eas primeiros meses deste ano. \u00c9 o que mostra o \u00cdndice de Atividade Econ\u00f4mica do Banco Central (IBC-Br) dessazonalizado (ajustado para o per\u00edodo), divulgado hoje (15). A atividade econ\u00f4mica perdeu ritmo de crescimento, uma vez que no primeiro trimestre deste [&hellip;]<\/p>\n","protected":false},"author":2,"featured_media":40517,"comment_status":"open","ping_status":"closed","sticky":false,"template":"","format":"standard","meta":{"tdm_status":"","tdm_grid_status":"","footnotes":""},"categories":[22,7],"tags":[],"class_list":{"0":"post-46215","1":"post","2":"type-post","3":"status-publish","4":"format-standard","5":"has-post-thumbnail","7":"category-brasil","8":"category-economia"},"_links":{"self":[{"href":"https:\/\/migracao.redenoticia.com.br\/noticia\/wp-json\/wp\/v2\/posts\/46215","targetHints":{"allow":["GET"]}}],"collection":[{"href":"https:\/\/migracao.redenoticia.com.br\/noticia\/wp-json\/wp\/v2\/posts"}],"about":[{"href":"https:\/\/migracao.redenoticia.com.br\/noticia\/wp-json\/wp\/v2\/types\/post"}],"author":[{"embeddable":true,"href":"https:\/\/migracao.redenoticia.com.br\/noticia\/wp-json\/wp\/v2\/users\/2"}],"replies":[{"embeddable":true,"href":"https:\/\/migracao.redenoticia.com.br\/noticia\/wp-json\/wp\/v2\/comments?post=46215"}],"version-history":[{"count":0,"href":"https:\/\/migracao.redenoticia.com.br\/noticia\/wp-json\/wp\/v2\/posts\/46215\/revisions"}],"wp:featuredmedia":[{"embeddable":true,"href":"https:\/\/migracao.redenoticia.com.br\/noticia\/wp-json\/wp\/v2\/media\/40517"}],"wp:attachment":[{"href":"https:\/\/migracao.redenoticia.com.br\/noticia\/wp-json\/wp\/v2\/media?parent=46215"}],"wp:term":[{"taxonomy":"category","embeddable":true,"href":"https:\/\/migracao.redenoticia.com.br\/noticia\/wp-json\/wp\/v2\/categories?post=46215"},{"taxonomy":"post_tag","embeddable":true,"href":"https:\/\/migracao.redenoticia.com.br\/noticia\/wp-json\/wp\/v2\/tags?post=46215"}],"curies":[{"name":"wp","href":"https:\/\/api.w.org\/{rel}","templated":true}]}}