{"id":46217,"date":"2013-08-15T13:40:56","date_gmt":"2013-08-15T16:40:56","guid":{"rendered":"http:\/\/www.redenoticia.com.br\/noticia\/?p=46217"},"modified":"2013-08-15T13:40:56","modified_gmt":"2013-08-15T16:40:56","slug":"cartilhas-do-ipem-orientam-consumidores-e-comerciantes","status":"publish","type":"post","link":"https:\/\/migracao.redenoticia.com.br\/noticia\/2013\/cartilhas-do-ipem-orientam-consumidores-e-comerciantes\/46217","title":{"rendered":"Cartilhas do Ipem orientam consumidores e comerciantes"},"content":{"rendered":"<p>O <em><strong>Ipem-SP<\/strong><\/em> (Instituto de Pesos e Medidas do Estado de S\u00e3o Paulo) disponibilizou duas novas cartilhas para download com orienta\u00e7\u00f5es para consumidores e comerciantes. Segundo o superintendente do Ipem, Alexandre Modonezi, as cartilhas foram produzidas com linguagem acess\u00edvel e com o m\u00e1ximo de dicas e orienta\u00e7\u00f5es.<\/p>\n<p>O\u00a0<a href=\"http:\/\/www.ipemsp.com.br\/images\/pdf\/publicacoes\/guia_consumo.pdf\" target=\"_blank\">Guia Pr\u00e1tico de Consumo<\/a>\u00a0traz dicas ao consumidor sobre o que observar na compra de produtos embalados, combust\u00edvel, t\u00eaxteis, eletrodom\u00e9sticos, itens com o selo do Inmetro (extintores, brinquedos, capacetes, isqueiros, plugues, tomadas, botij\u00f5es de g\u00e1s, entre outros) e tamb\u00e9m na utiliza\u00e7\u00e3o de balan\u00e7as no supermercado, padaria, a\u00e7ougue, etc.<\/p>\n<p>J\u00e1 a cartilha\u00a0<a href=\"http:\/\/www.ipemsp.com.br\/images\/pdf\/publicacoes\/guia_comerciante.pdf\" target=\"_blank\">Orienta\u00e7\u00f5es ao Comerciante<\/a>\u00a0d\u00e1 dicas aos lojistas de pequeno e m\u00e9dio porte sobre como evitar autua\u00e7\u00f5es na comercializa\u00e7\u00e3o desses mesmos produtos e como proceder em rela\u00e7\u00e3o a balan\u00e7as utilizadas no com\u00e9rcio e demais instrumentos de medi\u00e7\u00e3o.<\/p>\n<p>As vers\u00f5es impressas das cartilhas j\u00e1 come\u00e7aram a ser distribu\u00eddas em encontros com representantes de associa\u00e7\u00f5es comerciais de todo o Estado, durante as fiscaliza\u00e7\u00f5es de rotina da autarquia e em eventos com grande circula\u00e7\u00e3o de p\u00fablico.<\/p>\n<p>Do Portal do Governo do Estado<\/p>\n","protected":false},"excerpt":{"rendered":"<p>O Ipem-SP (Instituto de Pesos e Medidas do Estado de S\u00e3o Paulo) disponibilizou duas novas cartilhas para download com orienta\u00e7\u00f5es para consumidores e comerciantes. Segundo o superintendente do Ipem, Alexandre Modonezi, as cartilhas foram produzidas com linguagem acess\u00edvel e com o m\u00e1ximo de dicas e orienta\u00e7\u00f5es. O\u00a0Guia Pr\u00e1tico de Consumo\u00a0traz dicas ao consumidor sobre o [&hellip;]<\/p>\n","protected":false},"author":2,"featured_media":34966,"comment_status":"open","ping_status":"closed","sticky":false,"template":"","format":"standard","meta":{"tdm_status":"","tdm_grid_status":"","footnotes":""},"categories":[22],"tags":[],"class_list":{"0":"post-46217","1":"post","2":"type-post","3":"status-publish","4":"format-standard","5":"has-post-thumbnail","7":"category-brasil"},"_links":{"self":[{"href":"https:\/\/migracao.redenoticia.com.br\/noticia\/wp-json\/wp\/v2\/posts\/46217","targetHints":{"allow":["GET"]}}],"collection":[{"href":"https:\/\/migracao.redenoticia.com.br\/noticia\/wp-json\/wp\/v2\/posts"}],"about":[{"href":"https:\/\/migracao.redenoticia.com.br\/noticia\/wp-json\/wp\/v2\/types\/post"}],"author":[{"embeddable":true,"href":"https:\/\/migracao.redenoticia.com.br\/noticia\/wp-json\/wp\/v2\/users\/2"}],"replies":[{"embeddable":true,"href":"https:\/\/migracao.redenoticia.com.br\/noticia\/wp-json\/wp\/v2\/comments?post=46217"}],"version-history":[{"count":0,"href":"https:\/\/migracao.redenoticia.com.br\/noticia\/wp-json\/wp\/v2\/posts\/46217\/revisions"}],"wp:featuredmedia":[{"embeddable":true,"href":"https:\/\/migracao.redenoticia.com.br\/noticia\/wp-json\/wp\/v2\/media\/34966"}],"wp:attachment":[{"href":"https:\/\/migracao.redenoticia.com.br\/noticia\/wp-json\/wp\/v2\/media?parent=46217"}],"wp:term":[{"taxonomy":"category","embeddable":true,"href":"https:\/\/migracao.redenoticia.com.br\/noticia\/wp-json\/wp\/v2\/categories?post=46217"},{"taxonomy":"post_tag","embeddable":true,"href":"https:\/\/migracao.redenoticia.com.br\/noticia\/wp-json\/wp\/v2\/tags?post=46217"}],"curies":[{"name":"wp","href":"https:\/\/api.w.org\/{rel}","templated":true}]}}