{"id":46219,"date":"2013-08-15T13:42:41","date_gmt":"2013-08-15T16:42:41","guid":{"rendered":"http:\/\/www.redenoticia.com.br\/noticia\/?p=46219"},"modified":"2013-08-15T13:42:41","modified_gmt":"2013-08-15T16:42:41","slug":"igp-10-registra-inflacao-de-015-em-agosto","status":"publish","type":"post","link":"https:\/\/migracao.redenoticia.com.br\/noticia\/2013\/igp-10-registra-inflacao-de-015-em-agosto\/46219","title":{"rendered":"IGP-10 registra infla\u00e7\u00e3o de 0,15% em agosto"},"content":{"rendered":"<p>Rio de Janeiro &#8211; O \u00cdndice Geral de Pre\u00e7os-10 (<em><strong>IGP-10<\/strong><\/em>) registrou <em><strong>infla\u00e7\u00e3o<\/strong><\/em> de 0,15% em agosto. A taxa \u00e9 inferior \u00e0 observada em julho deste ano, que havia sido 0,43%, e \u00e0 de agosto de 2012 (1,59%). O dado foi divulgado hoje (15) pela Funda\u00e7\u00e3o Getulio Vargas (FGV).<\/p>\n<p>Os tr\u00eas sub\u00edndices que comp\u00f5em o IGP-10 tiveram queda na taxa. Os pre\u00e7os no atacado, medidos pelo \u00cdndice de Pre\u00e7os ao Produtor Amplo, variaram 0,19% em agosto, ante uma varia\u00e7\u00e3o de 0,49% no m\u00eas anterior.<\/p>\n<p>A infla\u00e7\u00e3o do \u00cdndice Nacional de Custo da Constru\u00e7\u00e3o caiu de 0,71% em julho para 0,35% em agosto. J\u00e1 o terceiro sub\u00edndice do IGP-10, o \u00cdndice de Pre\u00e7os ao Consumidor, registrou defla\u00e7\u00e3o (queda de pre\u00e7os) de 0,07% em agosto. Em julho, o sub\u00edndice havia tido infla\u00e7\u00e3o de 0,13%.<\/p>\n<p>Em 12 meses, o IGP-10 acumula infla\u00e7\u00e3o de 4,12%. O \u00edndice de agosto foi calculado com base em pre\u00e7os coletados entre 11 de julho e 10 deste m\u00eas.<\/p>\n<p>Vitor Abdala<br \/>\nRep\u00f3rter da Ag\u00eancia Brasil<br \/>\nEdi\u00e7\u00e3o: Talita Cavalcante<\/p>\n","protected":false},"excerpt":{"rendered":"<p>Rio de Janeiro &#8211; O \u00cdndice Geral de Pre\u00e7os-10 (IGP-10) registrou infla\u00e7\u00e3o de 0,15% em agosto. A taxa \u00e9 inferior \u00e0 observada em julho deste ano, que havia sido 0,43%, e \u00e0 de agosto de 2012 (1,59%). O dado foi divulgado hoje (15) pela Funda\u00e7\u00e3o Getulio Vargas (FGV). Os tr\u00eas sub\u00edndices que comp\u00f5em o IGP-10 [&hellip;]<\/p>\n","protected":false},"author":2,"featured_media":34916,"comment_status":"open","ping_status":"closed","sticky":false,"template":"","format":"standard","meta":{"tdm_status":"","tdm_grid_status":"","footnotes":""},"categories":[22,7],"tags":[],"class_list":{"0":"post-46219","1":"post","2":"type-post","3":"status-publish","4":"format-standard","5":"has-post-thumbnail","7":"category-brasil","8":"category-economia"},"_links":{"self":[{"href":"https:\/\/migracao.redenoticia.com.br\/noticia\/wp-json\/wp\/v2\/posts\/46219","targetHints":{"allow":["GET"]}}],"collection":[{"href":"https:\/\/migracao.redenoticia.com.br\/noticia\/wp-json\/wp\/v2\/posts"}],"about":[{"href":"https:\/\/migracao.redenoticia.com.br\/noticia\/wp-json\/wp\/v2\/types\/post"}],"author":[{"embeddable":true,"href":"https:\/\/migracao.redenoticia.com.br\/noticia\/wp-json\/wp\/v2\/users\/2"}],"replies":[{"embeddable":true,"href":"https:\/\/migracao.redenoticia.com.br\/noticia\/wp-json\/wp\/v2\/comments?post=46219"}],"version-history":[{"count":0,"href":"https:\/\/migracao.redenoticia.com.br\/noticia\/wp-json\/wp\/v2\/posts\/46219\/revisions"}],"wp:featuredmedia":[{"embeddable":true,"href":"https:\/\/migracao.redenoticia.com.br\/noticia\/wp-json\/wp\/v2\/media\/34916"}],"wp:attachment":[{"href":"https:\/\/migracao.redenoticia.com.br\/noticia\/wp-json\/wp\/v2\/media?parent=46219"}],"wp:term":[{"taxonomy":"category","embeddable":true,"href":"https:\/\/migracao.redenoticia.com.br\/noticia\/wp-json\/wp\/v2\/categories?post=46219"},{"taxonomy":"post_tag","embeddable":true,"href":"https:\/\/migracao.redenoticia.com.br\/noticia\/wp-json\/wp\/v2\/tags?post=46219"}],"curies":[{"name":"wp","href":"https:\/\/api.w.org\/{rel}","templated":true}]}}