{"id":46221,"date":"2013-08-15T13:45:18","date_gmt":"2013-08-15T16:45:18","guid":{"rendered":"http:\/\/www.redenoticia.com.br\/noticia\/?p=46221"},"modified":"2013-08-15T13:45:18","modified_gmt":"2013-08-15T16:45:18","slug":"demanda-das-empresas-por-credito-cresce-23-em-julho-aponta-serasa-experian","status":"publish","type":"post","link":"https:\/\/migracao.redenoticia.com.br\/noticia\/2013\/demanda-das-empresas-por-credito-cresce-23-em-julho-aponta-serasa-experian\/46221","title":{"rendered":"Demanda das empresas por cr\u00e9dito cresce 2,3% em julho, aponta Serasa Experian"},"content":{"rendered":"<p>A busca das empresas por <em><strong>cr\u00e9dito<\/strong> <\/em>cresceu 2,3% no m\u00eas de julho\/13 comparativamente ao mesmo m\u00eas do ano passado, conforme apurou o Indicador Serasa Experian de Demanda das Empresas por Cr\u00e9dito. Foi a segunda alta interanual consecutiva do indicador, dado que em junho\/13 o crescimento frente a junho do ano passado havia sido de 0,6%. Com este resultado, diminuiu a queda da demanda das empresas por cr\u00e9dito no acumulado deste ano de 2013, passando de uma varia\u00e7\u00e3o negativa de -4,7% (janeiro a junho e 2013) para -3,7% (janeiro a agosto de 2013).<\/p>\n<p>Na compara\u00e7\u00e3o com o m\u00eas imediatamente anterior, isto \u00e9, junho de 2013, a demanda das empresas por cr\u00e9dito subiu 9,7%, por\u00e9m este resultado foi impactado pela maior quantidade de dias \u00fateis em julho\/13 frente a junho\/13 (23 contra 20).<\/p>\n<p>An\u00e1lise por porte<\/p>\n<p>O maior crescimento na demanda das empresas por cr\u00e9dito em julho\/13 foi verificado nas grandes empresas, cuja alta foi de 17,4% frente ao mesmo m\u00eas do ano passado. J\u00e1 nas m\u00e9dias empresas o crescimento da demanda por cr\u00e9dito em julho\/13 foi 1,3% superior ao verificado em julho\/12. Por fim, a alta na demanda por cr\u00e9dito foi 2,2% superior nas micro e pequenas empresas em julho\/13 na compara\u00e7\u00e3o com o mesmo m\u00eas de 2012.<\/p>\n<p>No acumulado do ano, as grandes empresas est\u00e3o exibindo o melhor desempenho em termos de demanda por cr\u00e9dito: alta de 18,4% de janeiro a julho de 2013 frente ao mesmo per\u00edodo do ano passado. As m\u00e9dias empresas tamb\u00e9m exibem crescimento no acumulado do ano, por\u00e9m bem mais modesto: 5,6%. Por outro lado, o per\u00edodo de janeiro a julho de 2013 registra queda de 4,4% na busca das micro e pequenas empresas por cr\u00e9dito.<\/p>\n<p>De acordo com os economistas da Serasa Experian, os crescimentos mais expressivos das demandas das grandes e das m\u00e9dias empresas por cr\u00e9dito neste ano de 2013 s\u00e3o decorrentes de um ambiente externo ainda dif\u00edcil para capta\u00e7\u00f5es externas e de um mercado de capitais com pouco apetite ao risco, fazendo direcionar as necessidades de financiamento destas empresas \u00e0s linhas oferecidas pela rede banc\u00e1ria dom\u00e9stica.<\/p>\n<p>An\u00e1lise por setor<\/p>\n<p>As empresas industriais, com alta de 8,4%, lideraram a procura por cr\u00e9dito em julho\/13. J\u00e1 as empresas de servi\u00e7os expandiram a sua busca por cr\u00e9dito em 3,3% ao passo que nas empresas comerciais, o crescimento foi de apenas 0,9%.<br \/>\nO patamar relativamente mais desvalorizado da taxa de c\u00e2mbio, que parece ter se consolidado ao longo dos \u00faltimos meses, pode estar influenciando positivamente a busca por cr\u00e9dito por parte das empresas industriais, tendo em vista os ganhos de competitividade que estas auferem decorrentes de n\u00edveis mais depreciados da moeda local, observam os economistas da Serasa Experian.<\/p>\n<p>No acumulado os primeiros sete meses de 2013, todos os setores econ\u00f4micos ainda exibem recuos nas suas demandas por cr\u00e9dito: -6,2% nas empresas comerciais; -4,2% nas empresas industriais e -0,3% nas empresas de servi\u00e7os.<\/p>\n<p>An\u00e1lise por regi\u00e3o<\/p>\n<p>No m\u00eas de julho\/13, as empresas das regi\u00f5es Nordeste e Norte, com altas de 3,6% e de 3,0%, exibiram os melhores desempenhos em termos de demanda por cr\u00e9dito na compara\u00e7\u00e3o com julho\/12. Em seguida, aparecerem as empresas da regi\u00e3o Sudeste com alta de 2,3% e, por fim e empatadas com altas de 1,5%, vieram as empresas das regi\u00f5es Sul e Centro-Oeste.<\/p>\n<p>No acumulado de janeiro a julho de 2013 todas as regi\u00f5es geogr\u00e1ficas do pa\u00eds ainda exibem quedas nas demandas por cr\u00e9dito de suas empresas. O maior recuo na procura das empresas por cr\u00e9dito se verificou na regi\u00e3o Sul: varia\u00e7\u00e3o de -5,9% frente ao per\u00edodo acumulado de janeiro a julho do ano passado. Nas regi\u00f5es Nordeste e Sudeste, as quedas acumuladas nestes primeiros sete meses de 2013 foram de 3,4% e de 3,2%, respectivamente. J\u00e1 as regi\u00f5es Centro-Oeste e Norte exibiram as menores quedas acumuladas nas demandas de suas empresas por cr\u00e9dito no acumulado de janeiro a julho de 2013: varia\u00e7\u00f5es de -2,9% e de -2,2%, respectivamente.<\/p>\n<p>A s\u00e9rie hist\u00f3rica deste indicador est\u00e1 dispon\u00edvel em<\/p>\n<p><a href=\"http:\/\/www.serasaexperian.com.br\/release\/indicadores\/demanda_pj_credito.htm]\" target=\"_blank\">http:\/\/www.serasaexperian.com.br\/release\/indicadores\/demanda_pj_credito.htm]<\/a><\/p>\n<p>Metodologia do indicador<\/p>\n<p>O Indicador Serasa Experian da Demanda das Empresas por Cr\u00e9dito \u00e9 constru\u00eddo a partir de uma amostra significativa de cerca de 1,2 milh\u00e3o de CNPJ consultados mensalmente na base de dados da Serasa Experian. A quantidade de CNPJ consultados, especificamente nas transa\u00e7\u00f5es que configuram alguma rela\u00e7\u00e3o credit\u00edcia entre as empresas e as institui\u00e7\u00f5es do sistema financeiro ou empresas n\u00e3o financeiras, \u00e9 transformada em n\u00famero \u00edndice (m\u00e9dia de 2008 = 100). O indicador \u00e9 segmentado por regi\u00e3o geogr\u00e1fica, setor e porte<\/p>\n<p>Assessoria de imprensa da Serasa Experian<\/p>\n","protected":false},"excerpt":{"rendered":"<p>A busca das empresas por cr\u00e9dito cresceu 2,3% no m\u00eas de julho\/13 comparativamente ao mesmo m\u00eas do ano passado, conforme apurou o Indicador Serasa Experian de Demanda das Empresas por Cr\u00e9dito. Foi a segunda alta interanual consecutiva do indicador, dado que em junho\/13 o crescimento frente a junho do ano passado havia sido de 0,6%. [&hellip;]<\/p>\n","protected":false},"author":2,"featured_media":40734,"comment_status":"open","ping_status":"closed","sticky":false,"template":"","format":"standard","meta":{"tdm_status":"","tdm_grid_status":"","footnotes":""},"categories":[22,7],"tags":[],"class_list":{"0":"post-46221","1":"post","2":"type-post","3":"status-publish","4":"format-standard","5":"has-post-thumbnail","7":"category-brasil","8":"category-economia"},"_links":{"self":[{"href":"https:\/\/migracao.redenoticia.com.br\/noticia\/wp-json\/wp\/v2\/posts\/46221","targetHints":{"allow":["GET"]}}],"collection":[{"href":"https:\/\/migracao.redenoticia.com.br\/noticia\/wp-json\/wp\/v2\/posts"}],"about":[{"href":"https:\/\/migracao.redenoticia.com.br\/noticia\/wp-json\/wp\/v2\/types\/post"}],"author":[{"embeddable":true,"href":"https:\/\/migracao.redenoticia.com.br\/noticia\/wp-json\/wp\/v2\/users\/2"}],"replies":[{"embeddable":true,"href":"https:\/\/migracao.redenoticia.com.br\/noticia\/wp-json\/wp\/v2\/comments?post=46221"}],"version-history":[{"count":0,"href":"https:\/\/migracao.redenoticia.com.br\/noticia\/wp-json\/wp\/v2\/posts\/46221\/revisions"}],"wp:featuredmedia":[{"embeddable":true,"href":"https:\/\/migracao.redenoticia.com.br\/noticia\/wp-json\/wp\/v2\/media\/40734"}],"wp:attachment":[{"href":"https:\/\/migracao.redenoticia.com.br\/noticia\/wp-json\/wp\/v2\/media?parent=46221"}],"wp:term":[{"taxonomy":"category","embeddable":true,"href":"https:\/\/migracao.redenoticia.com.br\/noticia\/wp-json\/wp\/v2\/categories?post=46221"},{"taxonomy":"post_tag","embeddable":true,"href":"https:\/\/migracao.redenoticia.com.br\/noticia\/wp-json\/wp\/v2\/tags?post=46221"}],"curies":[{"name":"wp","href":"https:\/\/api.w.org\/{rel}","templated":true}]}}