{"id":4627,"date":"2009-07-05T13:14:40","date_gmt":"2009-07-05T17:14:40","guid":{"rendered":"http:\/\/www.redenoticia.com.br\/noticia\/?p=4627"},"modified":"2009-07-05T15:50:07","modified_gmt":"2009-07-05T19:50:07","slug":"michael-jackson-ultimos-preparativos-para-despedida","status":"publish","type":"post","link":"https:\/\/migracao.redenoticia.com.br\/noticia\/2009\/michael-jackson-ultimos-preparativos-para-despedida\/4627","title":{"rendered":"Michael Jackson &#8211; \u00faltimos preparativos para despedida"},"content":{"rendered":"<p style=\"line-height: 12.75pt;\"><span style=\"color: black;\"> <\/span><span style=\"color: black;\"> <\/span><\/p>\n<p style=\"line-height: 12.75pt;\"><span style=\"font-size: 10pt; font-family: Verdana; color: black;\">Dennis Zine, vereador da cidade, disse ao canal Fox que a fam\u00edlia Jackson vai gastar US$ 25 mil em um caix\u00e3o dourado, mas o portal TMZ, informou que os amigos e familiares de Michael Jackson pediram um caix\u00e3o de bronze, banhado a ouro 14 quilates, com veludo azul em seu interior.<\/span><\/p>\n<p style=\"line-height: 12.75pt;\"><span style=\"font-size: 10pt; font-family: Verdana; color: black;\">A r\u00e1dio de Los Angeles KFI citou ontem que fontes do departamento policial confirmaram mais de 1.400 agentes foram encarregados de controlar os f\u00e3s durante o funeral de Michael Jackson, nos arredores do Staples Center, gin\u00e1sio onde acontecer\u00e1 a cerim\u00f4nia. <\/span><\/p>\n<p style=\"line-height: 12.75pt;\"><span style=\"font-size: 10pt; font-family: Verdana; color: black;\">&#8220;Deve haver apenas uma entrada para chegar ao local&#8221;, advertiu Earl Paysinger, da Pol\u00edcia de Los Angeles. &#8220;N\u00e3o h\u00e1 outra maneira de entrar&#8221;, completou. <\/span><\/p>\n<p style=\"line-height: 12.75pt;\"><span style=\"font-size: 10pt; font-family: Verdana; color: black;\">O funeral de Michael Jackson ser\u00e1 transmitido no mundo todo e poder\u00e1 ser assistido por apenas 17.500 pessoas que conseguirem uma das entradas gratuitas, distribu\u00eddas ap\u00f3s sorteio. Milhares de f\u00e3s se registraram para tentar um ingresso.<\/span><\/p>\n<p style=\"line-height: 12.75pt;\"><span style=\"font-size: 10pt; font-family: Verdana; color: black;\">Mesmo com a transmiss\u00e3o ao vivo e os ingressos sorteados, espera-se entre 250 e 700 mil pessoas nas imedia\u00e7\u00f5es do gin\u00e1sio. <\/span><\/p>\n","protected":false},"excerpt":{"rendered":"<p>Dennis Zine, vereador da cidade, disse ao canal Fox que a fam\u00edlia Jackson vai gastar US$ 25 mil em um caix\u00e3o dourado, mas o portal TMZ, informou que os amigos e familiares de Michael Jackson pediram um caix\u00e3o de bronze, banhado a ouro 14 quilates, com veludo azul em seu interior. A r\u00e1dio de Los [&hellip;]<\/p>\n","protected":false},"author":3,"featured_media":0,"comment_status":"open","ping_status":"open","sticky":false,"template":"","format":"standard","meta":{"tdm_status":"","tdm_grid_status":"","footnotes":""},"categories":[22],"tags":[],"class_list":{"0":"post-4627","1":"post","2":"type-post","3":"status-publish","4":"format-standard","6":"category-brasil"},"_links":{"self":[{"href":"https:\/\/migracao.redenoticia.com.br\/noticia\/wp-json\/wp\/v2\/posts\/4627","targetHints":{"allow":["GET"]}}],"collection":[{"href":"https:\/\/migracao.redenoticia.com.br\/noticia\/wp-json\/wp\/v2\/posts"}],"about":[{"href":"https:\/\/migracao.redenoticia.com.br\/noticia\/wp-json\/wp\/v2\/types\/post"}],"author":[{"embeddable":true,"href":"https:\/\/migracao.redenoticia.com.br\/noticia\/wp-json\/wp\/v2\/users\/3"}],"replies":[{"embeddable":true,"href":"https:\/\/migracao.redenoticia.com.br\/noticia\/wp-json\/wp\/v2\/comments?post=4627"}],"version-history":[{"count":0,"href":"https:\/\/migracao.redenoticia.com.br\/noticia\/wp-json\/wp\/v2\/posts\/4627\/revisions"}],"wp:attachment":[{"href":"https:\/\/migracao.redenoticia.com.br\/noticia\/wp-json\/wp\/v2\/media?parent=4627"}],"wp:term":[{"taxonomy":"category","embeddable":true,"href":"https:\/\/migracao.redenoticia.com.br\/noticia\/wp-json\/wp\/v2\/categories?post=4627"},{"taxonomy":"post_tag","embeddable":true,"href":"https:\/\/migracao.redenoticia.com.br\/noticia\/wp-json\/wp\/v2\/tags?post=4627"}],"curies":[{"name":"wp","href":"https:\/\/api.w.org\/{rel}","templated":true}]}}