{"id":4632,"date":"2009-07-05T14:25:08","date_gmt":"2009-07-05T18:25:08","guid":{"rendered":"http:\/\/www.redenoticia.com.br\/noticia\/?p=4632"},"modified":"2009-07-05T15:49:43","modified_gmt":"2009-07-05T19:49:43","slug":"ji-parana-expojipa-abre-com-arena-lotada-no-show-de-cesar-menotti-e-fabiano","status":"publish","type":"post","link":"https:\/\/migracao.redenoticia.com.br\/noticia\/2009\/ji-parana-expojipa-abre-com-arena-lotada-no-show-de-cesar-menotti-e-fabiano\/4632","title":{"rendered":"Ji-Paran\u00e1 &#8211; Expojipa abre com arena lotada no show de C\u00e9sar Menotti e Fabiano"},"content":{"rendered":"<p>Muitas novidades na 30\u00aa Expojipa, Feira Agropecu\u00e1ria de Ji-Paran\u00e1 &#8211; Rondonia. O desfile de abertura este ano teve tr\u00eas pontos de partida, recorde de p\u00fablico, policiamento extensivo e ambul\u00e2ncias do corpo de bombeiros efetuaram atendimentos em diversos pontos do percurso.<\/p>\n<p>No dia da abertura (04\/07), foi inaugurado tamb\u00e9m o novo espa\u00e7o para lojas e pequenos expositores, organizado pelo CDL. O evento contou com a presen\u00e7a de diversas autoridades e um coquetel para convidados e p\u00fablico presente. Entre os estandes est\u00e1 o do canal 25, com a grava\u00e7\u00e3o de programas locais. A Artesam, cooperativa de artesanato, que exp\u00f5e diversas novidades feitos com produtos reciclados, a NA Engenharia que apresenta lan\u00e7amentos inclusive para atender aos interessados no projeto Minha Casa, Minha Vida e o projeto Vida Melhor que disponibilizou v\u00e1rios micros para os visitantes acessarem a Internet.<\/p>\n<p>A pra\u00e7a de alimenta\u00e7\u00e3o oferece do pastel \u00e0 picanha e, aonde ficava o palco alternativo, est\u00e1 intalada uma pista para os jovens mostrarem suas habilidades na dan\u00e7a e no Rebolation.<\/p>\n<p>O Hospital do Cowboy foi substitu\u00eddo pelo atendimento exclusivo de ambul\u00e2ncias do corpo de bombeiros.<\/p>\n<p>Camarote Vip Caf\u00e9 Cowboy foi elogiado pelo atendimento e amplo espa\u00e7o para divers\u00e3o. No local foram registrados alguns encontros de amigos e pol\u00edticos.<\/p>\n<p>O p\u00fablico ocupou a arquibancada montada para o evento e, durante a abertura foi anunciada a emenda de 2 milh\u00f5es, apoiada pelo Senador Raupp, para constru\u00e7\u00e3o da arena definitiva.<\/p>\n<p>O Show come\u00e7ou com atraso mas p\u00fablico expressivo. A dupla agradou os presentes e cantou sucessos antigos e novos lan\u00e7amentos.<\/p>\n<p>A 30\u00aa Expojipa vai at\u00e9 o pr\u00f3ximo domingo com extensa programa\u00e7\u00e3o.<\/p>\n<p><strong>05\/07<\/strong><strong><br \/>\n<strong>DOMINGO<\/strong><\/strong><br \/>\n08:00 \u2013 Abertura dos port\u00f5es<br \/>\n09:00 \u2013 Comercializa\u00e7\u00e3o de animais<br \/>\n20:00 \u2013 Queima de fogos<br \/>\n20:30 \u2013 Rodeio Qualify em Touros.<br \/>\n22:30 \u2013 Sorteio 1 caminhonete S-10 Flex Power<br \/>\n23:30 \u2013 Baile no Saloon Country<\/p>\n<p>23:30 \u2013 Camarote Vip Caf\u00e9 Cowboy \u2013 DJ Loirinho \/ DJ M\u00e1rio (RO)<\/p>\n<p><strong>06\/07<\/strong><strong><br \/>\n<strong>SEGUNDA \u2013 FEIRA<\/strong><\/strong><br \/>\n08:00 \u2013 Abertura dos port\u00f5es<br \/>\n09:00 \u2013 Comercializa\u00e7\u00e3o de animais<\/p>\n<p>20:30 \u2013 Rodeio Qualify em Touros.<br \/>\n21:00 \u2013Show com Joaninha<\/p>\n<p>22:30 \u2013 Sorteio 1 moto XTZ Yamaha 125 cc.<br \/>\n23:30 \u2013 Baile no Saloon Country<\/p>\n<p>23:30 \u2013 Camarote Vip Caf\u00e9 Cowboy \u2013DJ M\u00e1rcio (RO)<\/p>\n<p><strong>07\/07<\/strong><strong><br \/>\n<strong>TER\u00c7A \u2013 FEIRA<\/strong><\/strong><br \/>\n08:00 \u2013 Abertura dos port\u00f5es.<br \/>\n09:00 \u2013 Comercializa\u00e7\u00e3o de animais.<\/p>\n<p>09:00 \u2013 Palestra : Conjuntura Atual e Desafios para o Pecuarista com Maur\u00edcio Palma Nogueira, diretor executivo da Bigma Consultoria. Mauricio \u00e9 engenheiro agr\u00f4nomo pela ESALQ\/USP. Local: Recinto de Leil\u00f5es. Realiza\u00e7\u00e3o: Casa do Lavrador\/Salmax.<\/p>\n<p>10:30 \u2013 Palestra Uso do confinamento na termina\u00e7\u00e3o dos bovinos de corte com Marcelo Manela \u2013 Doutor em Ci\u00eancia animal. Local: Recinto de Leil\u00f5es . Realiza\u00e7\u00e3o: Salmax.<\/p>\n<p>11:30 \u2013 Palestra \u2013 Avan\u00e7os na suplementa\u00e7\u00e3o prot\u00e9ica dos bovinos a corte com Wolney Alvim Pereira Junior \u2013 Zootecnista \/P\u00f3s Graduado e Especialista em Nutri\u00e7\u00e3o e Produ\u00e7\u00e3o de Ruminantes, Gerente T\u00e9cnico-Industrial da SALMAX. Local: Recinto de Leil\u00f5es \u2013 Realiza\u00e7\u00e3o: Salmax.<\/p>\n<p>20:00 \u2013 2\u00ba Leil\u00e3o \u201c Mega Touros Rond\u00f4nia\u201d \u2013 Realiza\u00e7\u00e3o: Rondosafra.<\/p>\n<p>20:30 \u2013 Semifinal do rodeio Qualify em Touros.<br \/>\n22:30 \u2013 Sorteio 1 caminhonete S-10 Flex Power.<br \/>\n23:30 \u2013 Baile no Saloon Country.<br \/>\n23:30 \u2013 Camarote Vip Caf\u00e9 Cowboy \u2013 Dupla Leandro e Robinho.<br \/>\n<strong>08\/07<\/strong><strong><br \/>\n<strong>QUARTA \u2013 FEIRA<\/strong><\/strong><\/p>\n<p>07:00 \u2013 Abertura dos port\u00f5es.<br \/>\n07:00 \u2013 Concurso leiteiro municipal \u2013 1\u00aa ordenha.<\/p>\n<p>08:00 \u2013 Julgamento de Gado Nelore e Gir Leiteiro<\/p>\n<p>09:00 \u2013 Palestra: Manejo Sanit\u00e1rio e Controle das Doen\u00e7as Reprodutivas,com Dr. Luiz Paulo Vilasboas. Local: Recinto de Leil\u00f5es. Realiza\u00e7\u00e3o: Implemaq.<br \/>\n09:00 \u2013 Comercializa\u00e7\u00e3o de animais.<\/p>\n<p>19:00 \u2013 Concurso leiteiro municipal \u2013 2\u00aa ordenha.<\/p>\n<p>20:00 \u2013 Leil\u00e3o gado de corte \u2013 Realiza\u00e7\u00e3o: GHP e Embriovet Leil\u00f5es.<br \/>\n20:30 \u2013 Final do rodeio Qualify em Touros.<br \/>\n22:30 \u2013 Sorteio 1 caminhonete S-10 Flex Power.<br \/>\n23:30 \u2013 Baile no Saloon Country.<\/p>\n<p>23:30 \u2013 Camarote Vip Caf\u00e9 Cowboy \u2013Grupo Pelo Art<\/p>\n<p><strong>09\/07<\/strong><strong><br \/>\n<strong>QUINTA \u2013 FEIRA<\/strong><\/strong><br \/>\n07:00 \u2013 Abertura dos port\u00f5es.<br \/>\n07:0 \u2013 Concurso leiteiro municipal \u2013 3\u00aa ordenha.<\/p>\n<p>08:00 \u2013 Julgamento de Gado Nelore e Gir Leiteiro.<\/p>\n<p>09:00 \u2013 Comercializa\u00e7\u00e3o de animais.<br \/>\n19:00 \u2013 Concurso leiteiro municipal \u2013 4\u00aa ordenha.<\/p>\n<p>20:00 \u2013 Leil\u00e3o de Tropa ( Animais de Servi\u00e7o ). Realiza\u00e7\u00e3o GHP e Embriovet Leil\u00f5es.<br \/>\n20:00 \u2013 Queima de fogos.<br \/>\n20:30 \u2013 Abertura do Rodeio Profissional em touros e cavalos.<br \/>\n22:30 \u2013Show com Tch\u00ea Garoros<br \/>\n23:30 \u2013 Baile no Saloon Country.<\/p>\n<p>23:30 \u2013 Camarote Vip Caf\u00e9 Cowboy \u2013 DJ Loirinho<br \/>\n<strong>10\/07<\/strong><strong><br \/>\n<strong>SEXTA \u2013 FEIRA<\/strong><\/strong><br \/>\n07:00 \u2013 Abertura dos port\u00f5es.<br \/>\n07:30 \u2013 Concurso leiteiro municipal \u2013 5\u00aa ordenha.<\/p>\n<p>08:00 \u2013 Julgamento de Ovinos.<br \/>\n09:00 \u2013 Comercializa\u00e7\u00e3o de animais.<\/p>\n<p>09:30 \u2013 Palestra: Produ\u00e7\u00e3o de Leite com Qualidade com Guilherme Nunes- EMBRAPA- Juiz de Fora \u2013 MG. Local: Sallon Country. Realiza\u00e7\u00e3o: SEBRAE.<\/p>\n<p>11:00 \u2013 Palestra: Viabilidade Econ\u00f4mica da Pecu\u00e1ria Leiteira no Estado de Rond\u00f4nia. Local: Sallon Country. Realiza\u00e7\u00e3o: SEBRAE.Local: Sallon Country. Realiza\u00e7\u00e3o: SEBRAE.<\/p>\n<p>17:30 \u2013 Prova de tambor.<\/p>\n<p>19:00 \u2013 Concurso leiteiro municipal \u20136\u00aa ordenha.<\/p>\n<p>20:00 \u2013 Leil\u00e3o de ovinos \u2013 Realiza\u00e7\u00e3o: GHP e Embriovet Leil\u00f5es.<\/p>\n<p>20:30 \u2013 Rodeio profissional em touros e cavalos.<br \/>\n22:30 \u2013 Sorteio 1 caminhonete S-10 Flex Power.<\/p>\n<p>23:00 \u2013 Show com Fernando e Sorocaba.<br \/>\n23:30 \u2013 Baile no Saloon Country.<\/p>\n<p>23:30 \u2013 Camarote Vip Caf\u00e9 Cowboy \u2013 Dupla Leandro e Robinho.<br \/>\n<strong>11\/07<\/strong><strong><br \/>\n<strong>S\u00c1BADO<\/strong><\/strong><br \/>\n08:00 \u2013 Abertura dos port\u00f5es.<br \/>\n09:00 \u2013 Comercializa\u00e7\u00e3o de animais.<br \/>\n18:00 \u2013 Prova de tambor.<\/p>\n<p>19:00 \u2013 Entrega premia\u00e7\u00e3o Concurso leiteiro \u2013 Arena de rodeio.<\/p>\n<p>20:00 \u2013 Leil\u00e3o Cavalos Quarto de Milha \u2013 Realiza\u00e7\u00e3o GHP e Embriovet Leil\u00f5es.<br \/>\n20:30 \u2013 Rodeio profissional em touros e cavalos.<br \/>\n22:30 \u2013 Show com NXZero<br \/>\n00:00 \u2013 Baile no Saloon Country.<\/p>\n<p>00:00 \u2013 Camarote Vip Caf\u00e9 Cowboy \u2013 DJ Loirinho.<\/p>\n<p><strong>12\/07<\/strong><strong><br \/>\n<strong>DOMINGO<\/strong><\/strong><br \/>\n08:00 \u2013 Abertura dos port\u00f5es.<br \/>\n09:00 \u2013 Comercializa\u00e7\u00e3o de animais.<\/p>\n<p>20:00 \u2013 Final do Rodeio profissional em touros e cavalos.<br \/>\n21:30 \u2013 Entrega de premia\u00e7\u00e3o do Rodeio Profissional.<br \/>\n22:15 \u2013 Queima de fogos.<br \/>\n22:30 \u2013Sorteio 1 caminhonete S-10 Flex Power.<\/p>\n<p>00:00 \u2013 Baile no Saloon Country.<\/p>\n<p>00:00 \u2013 Camarote Vip Caf\u00e9 Cowboy \u2013DJ M\u00e1rcio.<\/p>\n","protected":false},"excerpt":{"rendered":"<p>Muitas novidades na 30\u00aa Expojipa, Feira Agropecu\u00e1ria de Ji-Paran\u00e1 &#8211; Rondonia. O desfile de abertura este ano teve tr\u00eas pontos de partida, recorde de p\u00fablico, policiamento extensivo e ambul\u00e2ncias do corpo de bombeiros efetuaram atendimentos em diversos pontos do percurso. No dia da abertura (04\/07), foi inaugurado tamb\u00e9m o novo espa\u00e7o para lojas e pequenos [&hellip;]<\/p>\n","protected":false},"author":3,"featured_media":0,"comment_status":"open","ping_status":"open","sticky":false,"template":"","format":"standard","meta":{"tdm_status":"","tdm_grid_status":"","footnotes":""},"categories":[22],"tags":[],"class_list":{"0":"post-4632","1":"post","2":"type-post","3":"status-publish","4":"format-standard","6":"category-brasil"},"_links":{"self":[{"href":"https:\/\/migracao.redenoticia.com.br\/noticia\/wp-json\/wp\/v2\/posts\/4632","targetHints":{"allow":["GET"]}}],"collection":[{"href":"https:\/\/migracao.redenoticia.com.br\/noticia\/wp-json\/wp\/v2\/posts"}],"about":[{"href":"https:\/\/migracao.redenoticia.com.br\/noticia\/wp-json\/wp\/v2\/types\/post"}],"author":[{"embeddable":true,"href":"https:\/\/migracao.redenoticia.com.br\/noticia\/wp-json\/wp\/v2\/users\/3"}],"replies":[{"embeddable":true,"href":"https:\/\/migracao.redenoticia.com.br\/noticia\/wp-json\/wp\/v2\/comments?post=4632"}],"version-history":[{"count":0,"href":"https:\/\/migracao.redenoticia.com.br\/noticia\/wp-json\/wp\/v2\/posts\/4632\/revisions"}],"wp:attachment":[{"href":"https:\/\/migracao.redenoticia.com.br\/noticia\/wp-json\/wp\/v2\/media?parent=4632"}],"wp:term":[{"taxonomy":"category","embeddable":true,"href":"https:\/\/migracao.redenoticia.com.br\/noticia\/wp-json\/wp\/v2\/categories?post=4632"},{"taxonomy":"post_tag","embeddable":true,"href":"https:\/\/migracao.redenoticia.com.br\/noticia\/wp-json\/wp\/v2\/tags?post=4632"}],"curies":[{"name":"wp","href":"https:\/\/api.w.org\/{rel}","templated":true}]}}