{"id":46342,"date":"2013-08-21T00:15:09","date_gmt":"2013-08-21T03:15:09","guid":{"rendered":"http:\/\/www.redenoticia.com.br\/noticia\/?p=46342"},"modified":"2013-08-21T00:15:25","modified_gmt":"2013-08-21T03:15:25","slug":"a-fazenda-votacao-em-barbara-denise-e-yani-movimenta-as-enquetes","status":"publish","type":"post","link":"https:\/\/migracao.redenoticia.com.br\/noticia\/2013\/a-fazenda-votacao-em-barbara-denise-e-yani-movimenta-as-enquetes\/46342","title":{"rendered":"A Fazenda &#8211; vota\u00e7\u00e3o em B\u00e1rbara, Denise e Yani movimentou as enquetes"},"content":{"rendered":"<p><em><strong><a href=\"https:\/\/migracao.redenoticia.com.br\/noticia\/imagens\/a-fazenda.jpg\"><img loading=\"lazy\" decoding=\"async\" class=\"alignleft size-medium wp-image-17419\" alt=\"a fazenda\" src=\"https:\/\/migracao.redenoticia.com.br\/noticia\/imagens\/a-fazenda-250x160.jpg\" width=\"250\" height=\"160\" srcset=\"https:\/\/migracao.redenoticia.com.br\/noticia\/imagens\/a-fazenda-250x160.jpg 250w, https:\/\/migracao.redenoticia.com.br\/noticia\/imagens\/a-fazenda-150x96.jpg 150w, https:\/\/migracao.redenoticia.com.br\/noticia\/imagens\/a-fazenda.jpg 300w\" sizes=\"auto, (max-width: 250px) 100vw, 250px\" \/><\/a>A Fazenda<\/strong>\u00a0<\/em>&#8211; na noite de ter\u00e7a-feira, 20\/08, Britto Jr. anunciou que B\u00e1rbara recebeu a maioria dos votos do p\u00fablico e ganhou imunidade. Denise\u00a0e Yani\u00a0v\u00e3o ficar no celeiro at\u00e9 o pr\u00f3ximo s\u00e1bado. A vota\u00e7\u00e3o come\u00e7ou na\u00a0noite do domingo (18), quando aconteceu mais uma disputa pelo cargo de Fazendeira. Andressa Urach, B\u00e1rbara Evans, Yani e Denise Rocha\u00a0disputaram uma prova de sorte. As concorrentes escolheram registros em v\u00e1rias etapas. O objetivo foi liberar a menor quantidade de \u00e1gua. Andressa\u00a0venceu, ganhou imunidade e o cargo de Fazendeira da Semana. B\u00e1rbara, Denise\u00a0e Yani\u00a0disputaram a prefer\u00eancia do p\u00fablico. Desta vez todas continuam em A Fazenda. A mais votada ganha imunidade e fica livre da pr\u00f3xima ro\u00e7a. As duas menos votadas v\u00e3o ficar no celeiro at\u00e9 o pr\u00f3ximo s\u00e1bado. A disputa na\u00a0<em><strong>vota\u00e7\u00e3o<\/strong><\/em>\u00a0da <em><strong>enquete<\/strong><\/em> de diversos portais come\u00e7ou acirrada. Na enquete <a href=\"http:\/\/noticias.bol.uol.com.br\/enquetes\/2013\/08\/18\/quem-voce-quer-quer-permaneca-em-a-fazenda-6.htm\" target=\"_blank\">BOL<\/a> B\u00e1rbara come\u00e7ou com 64%, Denise 30% e Yani apenas 6% da preferencia do p\u00fablico.\u00a0Na\u00a0enquete\u00a0UOL: &#8220;Entre B\u00e1rbara, Denise e Yani, quem voc\u00ea quer que ganhe imunidade?&#8221; &#8211; na madrugada de segunda-feira, B\u00e1rbara come\u00e7ou com 67%, Denise 30% e Yani apenas 3% da preferencia do p\u00fablico. Na noite de segunda-feira, B\u00e1rbara alcan\u00e7ou 61%, Denise 29% e Yani 10% da preferencia do p\u00fablico. Na noite de ter\u00e7a-feira, B\u00e1rbara alcan\u00e7ou 62%, Denise 28% e Yani 10% da preferencia do p\u00fablico.<\/p>\n<p>O voto v\u00e1lido foi registrado no portal oficial do programa A Fazenda Rede Record.<\/p>\n<p>O resultado da vota\u00e7\u00e3o foi anunciado na noite de ter\u00e7a-feira, 20\/08.<\/p>\n<p>Rede Record A Fazenda<\/p>\n<p>&#8212;<\/p>\n<p>Como foi a vota\u00e7\u00e3o da ro\u00e7a:\u00a0Yudi Tamashiro, vencedor do Poder da Arca, leu o primeiro envelope, informou que foi imunizado, e que os exclu\u00eddos do celeiro n\u00e3o v\u00e3o disputar a pr\u00f3xima prova da chave. Como Fazendeiro, Mateus Verdelho indicou Andressa Urach para compor a Ro\u00e7a da Semana. Na vota\u00e7\u00e3o aberta Paulo Nunes, Marcos Oliver, Denise Rocha, Mulher Fil\u00e9 e Andressa Urach votaram na B\u00e1rbara Evans, que indicou Denise Rocha. Gominho votou no Beto Malfacini, que votou na Denise Rocha. Yudi Tamashiro tamb\u00e9m votou na Denise Rocha. No jogo Resta Um B\u00e1rbara Evans salvou Gominho, que salvou Beto Malfacini, que salvou Paulo Nunes, que salvou Mulher Fil\u00e9. Denise Rocha n\u00e3o foi salva e foi parar na ro\u00e7a. Yudi Tamashiro abriu os \u00faltimos dois envelopes e indicou Mulher Fil\u00e9 para completar a ro\u00e7a.<\/p>\n","protected":false},"excerpt":{"rendered":"<p>A Fazenda\u00a0&#8211; na noite de ter\u00e7a-feira, 20\/08, Britto Jr. anunciou que B\u00e1rbara recebeu a maioria dos votos do p\u00fablico e ganhou imunidade. Denise\u00a0e Yani\u00a0v\u00e3o ficar no celeiro at\u00e9 o pr\u00f3ximo s\u00e1bado. A vota\u00e7\u00e3o come\u00e7ou na\u00a0noite do domingo (18), quando aconteceu mais uma disputa pelo cargo de Fazendeira. Andressa Urach, B\u00e1rbara Evans, Yani e Denise Rocha\u00a0disputaram [&hellip;]<\/p>\n","protected":false},"author":2,"featured_media":17419,"comment_status":"open","ping_status":"closed","sticky":false,"template":"","format":"standard","meta":{"tdm_status":"","tdm_grid_status":"","footnotes":""},"categories":[406,371,343],"tags":[],"class_list":{"0":"post-46342","1":"post","2":"type-post","3":"status-publish","4":"format-standard","5":"has-post-thumbnail","7":"category-a-fazenda","8":"category-rede-record","9":"category-televisao"},"_links":{"self":[{"href":"https:\/\/migracao.redenoticia.com.br\/noticia\/wp-json\/wp\/v2\/posts\/46342","targetHints":{"allow":["GET"]}}],"collection":[{"href":"https:\/\/migracao.redenoticia.com.br\/noticia\/wp-json\/wp\/v2\/posts"}],"about":[{"href":"https:\/\/migracao.redenoticia.com.br\/noticia\/wp-json\/wp\/v2\/types\/post"}],"author":[{"embeddable":true,"href":"https:\/\/migracao.redenoticia.com.br\/noticia\/wp-json\/wp\/v2\/users\/2"}],"replies":[{"embeddable":true,"href":"https:\/\/migracao.redenoticia.com.br\/noticia\/wp-json\/wp\/v2\/comments?post=46342"}],"version-history":[{"count":0,"href":"https:\/\/migracao.redenoticia.com.br\/noticia\/wp-json\/wp\/v2\/posts\/46342\/revisions"}],"wp:featuredmedia":[{"embeddable":true,"href":"https:\/\/migracao.redenoticia.com.br\/noticia\/wp-json\/wp\/v2\/media\/17419"}],"wp:attachment":[{"href":"https:\/\/migracao.redenoticia.com.br\/noticia\/wp-json\/wp\/v2\/media?parent=46342"}],"wp:term":[{"taxonomy":"category","embeddable":true,"href":"https:\/\/migracao.redenoticia.com.br\/noticia\/wp-json\/wp\/v2\/categories?post=46342"},{"taxonomy":"post_tag","embeddable":true,"href":"https:\/\/migracao.redenoticia.com.br\/noticia\/wp-json\/wp\/v2\/tags?post=46342"}],"curies":[{"name":"wp","href":"https:\/\/api.w.org\/{rel}","templated":true}]}}