{"id":46395,"date":"2013-08-21T07:19:43","date_gmt":"2013-08-21T10:19:43","guid":{"rendered":"http:\/\/www.redenoticia.com.br\/noticia\/?p=46395"},"modified":"2013-08-21T13:51:24","modified_gmt":"2013-08-21T16:51:24","slug":"flor-do-caribe-dionisio-e-intimado-a-depor","status":"publish","type":"post","link":"https:\/\/migracao.redenoticia.com.br\/noticia\/2013\/flor-do-caribe-dionisio-e-intimado-a-depor\/46395","title":{"rendered":"Flor do Caribe &#8211; Dion\u00edsio \u00e9 intimado a depor"},"content":{"rendered":"<p><a href=\"https:\/\/migracao.redenoticia.com.br\/noticia\/imagens\/flor-do-caribe-resumo-novela-capitulo-episodio-rede-globo-proximo.jpg\"><img loading=\"lazy\" decoding=\"async\" class=\"alignleft size-medium wp-image-45196\" alt=\"flor do caribe resumo novela capitulo episodio rede globo proximo\" src=\"https:\/\/migracao.redenoticia.com.br\/noticia\/imagens\/flor-do-caribe-resumo-novela-capitulo-episodio-rede-globo-proximo-250x160.jpg\" width=\"250\" height=\"160\" \/><\/a><strong><em>Flor do Caribe<\/em><\/strong> &#8211; H\u00e9lio (Raphael Viana) admitiu para a pol\u00edcia que recebeu dinheiro de Dion\u00edsio (S\u00e9rgio Mamberti) e, agora, chegou a vez do empres\u00e1rio se explicar. O delegado fez quest\u00e3o de ir at\u00e9 a mans\u00e3o Albuquerque avisar que Dion\u00edsio ter\u00e1 que prestar esclarecimento \u00e0s autoridades. \u201cIsso \u00e9 um total desprop\u00f3sito!\u201d, berra o matusal\u00e9m indignado. Vendo o av\u00f4 encurralado, Alberto (Igor Rickli) ainda tenta apelar para o estado f\u00edsico dele: \u201c\u00c9 uma viol\u00eancia submeter um homem com essa idade, doente e que precisa de cuidados, a comparecer numa delegacia&#8221;. Mas n\u00e3o tem jeito, Dion\u00edsio ter\u00e1 que prestar depoimento.<\/p>\n<p>Fonte Rede Globo \u2013 novela Flor do Caribe<\/p>\n<p>A hist\u00f3ria se passa na fict\u00edcia Vila dos Ventos. Flor do Caribe apresenta parte do elenco estreante na televis\u00e3o. \u00c9 o caso do ator Igor Rickli, do uruguaio Cesar Troncoso e da argentina Moro Anghileri. Na novela, amigos de inf\u00e2ncia se tornam rivais por um grande amor. Cassiano (Henri Castelli), Ester (Grazi Massafera) e Alberto (Igor Rickli) s\u00e3o amigos de inf\u00e2ncia em Flor do Caribe. Segundo a Rede Globo as temporadas de f\u00e9rias em Vila dos Ventos, uma cidade no litoral do Rio Grande do Norte, aproximaram os tr\u00eas, mas suas vidas seguiram caminhos distintos. Alberto se afasta por alguns anos para receber a forma\u00e7\u00e3o que lhe cabe como herdeiro do imp\u00e9rio constru\u00eddo pela fam\u00edlia Albuquerque, enquanto Ester e Cassiano vivem o amor que sentem um pelo outro e lutam para alcan\u00e7ar seus objetivos.<\/p>\n","protected":false},"excerpt":{"rendered":"<p>Flor do Caribe &#8211; H\u00e9lio (Raphael Viana) admitiu para a pol\u00edcia que recebeu dinheiro de Dion\u00edsio (S\u00e9rgio Mamberti) e, agora, chegou a vez do empres\u00e1rio se explicar. O delegado fez quest\u00e3o de ir at\u00e9 a mans\u00e3o Albuquerque avisar que Dion\u00edsio ter\u00e1 que prestar esclarecimento \u00e0s autoridades. \u201cIsso \u00e9 um total desprop\u00f3sito!\u201d, berra o matusal\u00e9m indignado. [&hellip;]<\/p>\n","protected":false},"author":2,"featured_media":45196,"comment_status":"open","ping_status":"closed","sticky":false,"template":"","format":"standard","meta":{"tdm_status":"","tdm_grid_status":"","footnotes":""},"categories":[379,375,343],"tags":[],"class_list":{"0":"post-46395","1":"post","2":"type-post","3":"status-publish","4":"format-standard","5":"has-post-thumbnail","7":"category-novelas","8":"category-rede-globo","9":"category-televisao"},"_links":{"self":[{"href":"https:\/\/migracao.redenoticia.com.br\/noticia\/wp-json\/wp\/v2\/posts\/46395","targetHints":{"allow":["GET"]}}],"collection":[{"href":"https:\/\/migracao.redenoticia.com.br\/noticia\/wp-json\/wp\/v2\/posts"}],"about":[{"href":"https:\/\/migracao.redenoticia.com.br\/noticia\/wp-json\/wp\/v2\/types\/post"}],"author":[{"embeddable":true,"href":"https:\/\/migracao.redenoticia.com.br\/noticia\/wp-json\/wp\/v2\/users\/2"}],"replies":[{"embeddable":true,"href":"https:\/\/migracao.redenoticia.com.br\/noticia\/wp-json\/wp\/v2\/comments?post=46395"}],"version-history":[{"count":0,"href":"https:\/\/migracao.redenoticia.com.br\/noticia\/wp-json\/wp\/v2\/posts\/46395\/revisions"}],"wp:featuredmedia":[{"embeddable":true,"href":"https:\/\/migracao.redenoticia.com.br\/noticia\/wp-json\/wp\/v2\/media\/45196"}],"wp:attachment":[{"href":"https:\/\/migracao.redenoticia.com.br\/noticia\/wp-json\/wp\/v2\/media?parent=46395"}],"wp:term":[{"taxonomy":"category","embeddable":true,"href":"https:\/\/migracao.redenoticia.com.br\/noticia\/wp-json\/wp\/v2\/categories?post=46395"},{"taxonomy":"post_tag","embeddable":true,"href":"https:\/\/migracao.redenoticia.com.br\/noticia\/wp-json\/wp\/v2\/tags?post=46395"}],"curies":[{"name":"wp","href":"https:\/\/api.w.org\/{rel}","templated":true}]}}