{"id":46401,"date":"2013-08-20T20:32:22","date_gmt":"2013-08-20T23:32:22","guid":{"rendered":"http:\/\/www.redenoticia.com.br\/noticia\/?p=46401"},"modified":"2013-08-20T20:32:22","modified_gmt":"2013-08-20T23:32:22","slug":"pessoas-com-deficiencia-poderao-ter-prioridade-na-restituicao-do-ir","status":"publish","type":"post","link":"https:\/\/migracao.redenoticia.com.br\/noticia\/2013\/pessoas-com-deficiencia-poderao-ter-prioridade-na-restituicao-do-ir\/46401","title":{"rendered":"Pessoas com defici\u00eancia poder\u00e3o ter prioridade na restitui\u00e7\u00e3o do IR"},"content":{"rendered":"<p>Bras\u00edlia &#8211; a <em><strong>restitui\u00e7\u00e3o do Imposto de Renda<\/strong><\/em> (IR) de pessoas com defici\u00eancia poder\u00e1 ter prioridade. O projeto de lei (PLS 571\/2011) do senador Vital do R\u00eago (PMDB-PB), foi aprovado nesta ter\u00e7a-feira (20) pela Comiss\u00e3o de Assuntos Econ\u00f4micos (CAE) do Senado.<\/p>\n<p>O relator na comiss\u00e3o, senador Benedito de Lira (PP-AL), destacou que o texto concede \u00e0s pessoas com defici\u00eancia, que costumam ter um gasto elevado com sa\u00fade, um certo \u201cal\u00edvio financeiro\u201d.<\/p>\n<p>O substitutivo aprovado incorporou uma emenda da Comiss\u00e3o de Direitos Humanos que mudou a denomina\u00e7\u00e3o dos benefici\u00e1rios no texto original \u2013 de \u201cportadores de defici\u00eancia f\u00edsica\u201d para \u201cpessoa com defici\u00eancia\u201d. \u201cO substitutivo aumenta a abrang\u00eancia do incentivo, pois inclui outros tipos de defici\u00eancia, como a mental, que merecem aten\u00e7\u00e3o do Poder Legislativo\u201d, ressaltou o relator.<\/p>\n<p>Como foi aprovado o substitutivo, o projeto precisa de um turno suplementar de vota\u00e7\u00e3o na CAE, antes de seguir para a C\u00e2mara dos Deputados.<\/p>\n<p>Karine Melo<br \/>\nRep\u00f3rter da Ag\u00eancia Brasil<br \/>\nEdi\u00e7\u00e3o: Talita Cavalcante<\/p>\n","protected":false},"excerpt":{"rendered":"<p>Bras\u00edlia &#8211; a restitui\u00e7\u00e3o do Imposto de Renda (IR) de pessoas com defici\u00eancia poder\u00e1 ter prioridade. O projeto de lei (PLS 571\/2011) do senador Vital do R\u00eago (PMDB-PB), foi aprovado nesta ter\u00e7a-feira (20) pela Comiss\u00e3o de Assuntos Econ\u00f4micos (CAE) do Senado. O relator na comiss\u00e3o, senador Benedito de Lira (PP-AL), destacou que o texto concede [&hellip;]<\/p>\n","protected":false},"author":2,"featured_media":23889,"comment_status":"open","ping_status":"closed","sticky":false,"template":"","format":"standard","meta":{"tdm_status":"","tdm_grid_status":"","footnotes":""},"categories":[22],"tags":[],"class_list":{"0":"post-46401","1":"post","2":"type-post","3":"status-publish","4":"format-standard","5":"has-post-thumbnail","7":"category-brasil"},"_links":{"self":[{"href":"https:\/\/migracao.redenoticia.com.br\/noticia\/wp-json\/wp\/v2\/posts\/46401","targetHints":{"allow":["GET"]}}],"collection":[{"href":"https:\/\/migracao.redenoticia.com.br\/noticia\/wp-json\/wp\/v2\/posts"}],"about":[{"href":"https:\/\/migracao.redenoticia.com.br\/noticia\/wp-json\/wp\/v2\/types\/post"}],"author":[{"embeddable":true,"href":"https:\/\/migracao.redenoticia.com.br\/noticia\/wp-json\/wp\/v2\/users\/2"}],"replies":[{"embeddable":true,"href":"https:\/\/migracao.redenoticia.com.br\/noticia\/wp-json\/wp\/v2\/comments?post=46401"}],"version-history":[{"count":0,"href":"https:\/\/migracao.redenoticia.com.br\/noticia\/wp-json\/wp\/v2\/posts\/46401\/revisions"}],"wp:featuredmedia":[{"embeddable":true,"href":"https:\/\/migracao.redenoticia.com.br\/noticia\/wp-json\/wp\/v2\/media\/23889"}],"wp:attachment":[{"href":"https:\/\/migracao.redenoticia.com.br\/noticia\/wp-json\/wp\/v2\/media?parent=46401"}],"wp:term":[{"taxonomy":"category","embeddable":true,"href":"https:\/\/migracao.redenoticia.com.br\/noticia\/wp-json\/wp\/v2\/categories?post=46401"},{"taxonomy":"post_tag","embeddable":true,"href":"https:\/\/migracao.redenoticia.com.br\/noticia\/wp-json\/wp\/v2\/tags?post=46401"}],"curies":[{"name":"wp","href":"https:\/\/api.w.org\/{rel}","templated":true}]}}