{"id":46403,"date":"2013-08-20T20:37:38","date_gmt":"2013-08-20T23:37:38","guid":{"rendered":"http:\/\/www.redenoticia.com.br\/noticia\/?p=46403"},"modified":"2013-08-20T20:38:04","modified_gmt":"2013-08-20T23:38:04","slug":"intencao-de-consumo-das-familias-tem-queda","status":"publish","type":"post","link":"https:\/\/migracao.redenoticia.com.br\/noticia\/2013\/intencao-de-consumo-das-familias-tem-queda\/46403","title":{"rendered":"Inten\u00e7\u00e3o de Consumo das Fam\u00edlias tem queda"},"content":{"rendered":"<p>Rio de Janeiro &#8211; a <em><strong>Inten\u00e7\u00e3o de Consumo das Fam\u00edlias<\/strong> <\/em>(ICF) caiu 1,3% em agosto, na compara\u00e7\u00e3o com julho de 2013, mantendo-se no menor n\u00edvel da s\u00e9rie hist\u00f3rica, divulgou hoje (20) a Confedera\u00e7\u00e3o Nacional do Com\u00e9rcio de Bens, Servi\u00e7os e Turismo (CNC). Em rela\u00e7\u00e3o ao mesmo m\u00eas do ano passado, a queda foi 9%.<\/p>\n<p>O \u00edndice est\u00e1 em 123,4 pontos \u2013 acima do patamar considerado favor\u00e1vel para o consumo (100 pontos), apesar de o resultado ser o menor desde janeiro de 2010. As raz\u00f5es apontadas pela CNC para a queda s\u00e3o a redu\u00e7\u00e3o do otimismo quanto ao emprego e \u00e0 renda, as incertezas quanto ao c\u00e2mbio e o aumento do custo do cr\u00e9dito.<\/p>\n<p>A queda do \u00edndice foi maior entre as fam\u00edlias, com renda de mais de dez sal\u00e1rios m\u00ednimos, em que houve recuo de 3,1% ante julho. Para as fam\u00edlias com renda menor que dez sal\u00e1rios, o \u00edndice caiu 0,9%. Para o grupo dos mais ricos, o \u00edndice alcan\u00e7a 126,4 pontos, enquanto para os demais, o ICF fica em 122,9 pontos.<\/p>\n<p>Regionalmente, a CNC constatou que as capitais do Sudeste e do Nordeste foram as que apresentaram as mais fortes quedas, de -2,6% e de -1,7% respectivamente.<\/p>\n<p>Vin\u00edcius Lisboa<br \/>\nRep\u00f3rter da Ag\u00eancia Brasil<br \/>\nEdi\u00e7\u00e3o: Talita Cavalcante<\/p>\n","protected":false},"excerpt":{"rendered":"<p>Rio de Janeiro &#8211; a Inten\u00e7\u00e3o de Consumo das Fam\u00edlias (ICF) caiu 1,3% em agosto, na compara\u00e7\u00e3o com julho de 2013, mantendo-se no menor n\u00edvel da s\u00e9rie hist\u00f3rica, divulgou hoje (20) a Confedera\u00e7\u00e3o Nacional do Com\u00e9rcio de Bens, Servi\u00e7os e Turismo (CNC). Em rela\u00e7\u00e3o ao mesmo m\u00eas do ano passado, a queda foi 9%. O [&hellip;]<\/p>\n","protected":false},"author":2,"featured_media":40517,"comment_status":"open","ping_status":"closed","sticky":false,"template":"","format":"standard","meta":{"tdm_status":"","tdm_grid_status":"","footnotes":""},"categories":[22,7],"tags":[],"class_list":{"0":"post-46403","1":"post","2":"type-post","3":"status-publish","4":"format-standard","5":"has-post-thumbnail","7":"category-brasil","8":"category-economia"},"_links":{"self":[{"href":"https:\/\/migracao.redenoticia.com.br\/noticia\/wp-json\/wp\/v2\/posts\/46403","targetHints":{"allow":["GET"]}}],"collection":[{"href":"https:\/\/migracao.redenoticia.com.br\/noticia\/wp-json\/wp\/v2\/posts"}],"about":[{"href":"https:\/\/migracao.redenoticia.com.br\/noticia\/wp-json\/wp\/v2\/types\/post"}],"author":[{"embeddable":true,"href":"https:\/\/migracao.redenoticia.com.br\/noticia\/wp-json\/wp\/v2\/users\/2"}],"replies":[{"embeddable":true,"href":"https:\/\/migracao.redenoticia.com.br\/noticia\/wp-json\/wp\/v2\/comments?post=46403"}],"version-history":[{"count":0,"href":"https:\/\/migracao.redenoticia.com.br\/noticia\/wp-json\/wp\/v2\/posts\/46403\/revisions"}],"wp:featuredmedia":[{"embeddable":true,"href":"https:\/\/migracao.redenoticia.com.br\/noticia\/wp-json\/wp\/v2\/media\/40517"}],"wp:attachment":[{"href":"https:\/\/migracao.redenoticia.com.br\/noticia\/wp-json\/wp\/v2\/media?parent=46403"}],"wp:term":[{"taxonomy":"category","embeddable":true,"href":"https:\/\/migracao.redenoticia.com.br\/noticia\/wp-json\/wp\/v2\/categories?post=46403"},{"taxonomy":"post_tag","embeddable":true,"href":"https:\/\/migracao.redenoticia.com.br\/noticia\/wp-json\/wp\/v2\/tags?post=46403"}],"curies":[{"name":"wp","href":"https:\/\/api.w.org\/{rel}","templated":true}]}}