{"id":46408,"date":"2013-08-20T20:45:10","date_gmt":"2013-08-20T23:45:10","guid":{"rendered":"http:\/\/www.redenoticia.com.br\/noticia\/?p=46408"},"modified":"2013-08-20T20:45:10","modified_gmt":"2013-08-20T23:45:10","slug":"mestrado-e-doutorado-na-escola-de-enfermagem-da-ufmg","status":"publish","type":"post","link":"https:\/\/migracao.redenoticia.com.br\/noticia\/2013\/mestrado-e-doutorado-na-escola-de-enfermagem-da-ufmg\/46408","title":{"rendered":"Mestrado e doutorado na escola de enfermagem da UFMG"},"content":{"rendered":"<p>Os editais para o processo de sele\u00e7\u00e3o de candidatos aos cursos de <em><strong>mestrado e doutorado<\/strong> <\/em>em Enfermagem da UFMG, \u00e1rea de concentra\u00e7\u00e3o Sa\u00fade e Enfermagem, j\u00e1 foram divulgados. As inscri\u00e7\u00f5es para o mestrado podem ser feitas at\u00e9 o dia 13 de setembro de 2013. Ser\u00e3o oferecidas 43 vagas para ingresso no primeiro semestre letivo de 2014, nas linhas de pesquisa: Promo\u00e7\u00e3o da sa\u00fade, preven\u00e7\u00e3o e controle de agravos (20 vagas); Organiza\u00e7\u00e3o e gest\u00e3o de servi\u00e7os de sa\u00fade e de enfermagem (cinco vagas); Cuidar em sa\u00fade e enfermagem: (sete vagas); Educa\u00e7\u00e3o em sa\u00fade e enfermagem (onze vagas). Confira o edital completo no endere\u00e7o (<a href=\"http:\/\/www.enf.ufmg.br\/pos\/docs\/editalmestrado2014.pdf\" target=\"_blank\">http:\/\/www.enf.ufmg.br\/pos\/docs\/editalmestrado2014.pdf<\/a>)<\/p>\n<p>Para o curso de doutorado as inscri\u00e7\u00f5es acontecer\u00e3o de 30 de dezembro de 2013 a 28 de janeiro de 2014. Ser\u00e3o oferecidas 30 vagas distribu\u00eddas nas linhas de pesquisa: Promo\u00e7\u00e3o da sa\u00fade, preven\u00e7\u00e3o e controle de agravos (treze vagas); Organiza\u00e7\u00e3o e gest\u00e3o de servi\u00e7os de sa\u00fade e de enfermagem (seis vagas); Educa\u00e7\u00e3o em sa\u00fade e enfermagem: (cinco vagas); Cuidar em sa\u00fade e em enfermagem (seis vagas). Confira o Edital (<a href=\"http:\/\/www.enf.ufmg.br\/pos\/docs\/editaldoutorado2014.pdf\">http:\/\/www.enf.ufmg.br\/pos\/docs\/editaldoutorado2014.pdf<\/a>)<\/p>\n<p>As inscri\u00e7\u00f5es para os dois cursos ser\u00e3o realizadas na secretaria do colegiado de P\u00f3s-Gradua\u00e7\u00e3o da Escola de Enfermagem da UFMG, situada na Avenida Professor Alfredo Balena, 190, sala 120, de segunda a sexta-feira, exceto em feriados e recessos acad\u00eamicos, de 9h \u00e0s 12h e de 14h \u00e0s 16h. Inscri\u00e7\u00f5es realizadas atrav\u00e9s de terceiros ser\u00e3o aceitas mediante procura\u00e7\u00e3o simples. Mais informa\u00e7\u00f5es: (31) 3409-9836.<\/p>\n<p>Assessoria de Comunica\u00e7\u00e3o da Escola de Enfermagem da UFMG<\/p>\n","protected":false},"excerpt":{"rendered":"<p>Os editais para o processo de sele\u00e7\u00e3o de candidatos aos cursos de mestrado e doutorado em Enfermagem da UFMG, \u00e1rea de concentra\u00e7\u00e3o Sa\u00fade e Enfermagem, j\u00e1 foram divulgados. As inscri\u00e7\u00f5es para o mestrado podem ser feitas at\u00e9 o dia 13 de setembro de 2013. Ser\u00e3o oferecidas 43 vagas para ingresso no primeiro semestre letivo de [&hellip;]<\/p>\n","protected":false},"author":2,"featured_media":35093,"comment_status":"open","ping_status":"closed","sticky":false,"template":"","format":"standard","meta":{"tdm_status":"","tdm_grid_status":"","footnotes":""},"categories":[22,351,370],"tags":[],"class_list":{"0":"post-46408","1":"post","2":"type-post","3":"status-publish","4":"format-standard","5":"has-post-thumbnail","7":"category-brasil","8":"category-cursos","9":"category-inscricao"},"_links":{"self":[{"href":"https:\/\/migracao.redenoticia.com.br\/noticia\/wp-json\/wp\/v2\/posts\/46408","targetHints":{"allow":["GET"]}}],"collection":[{"href":"https:\/\/migracao.redenoticia.com.br\/noticia\/wp-json\/wp\/v2\/posts"}],"about":[{"href":"https:\/\/migracao.redenoticia.com.br\/noticia\/wp-json\/wp\/v2\/types\/post"}],"author":[{"embeddable":true,"href":"https:\/\/migracao.redenoticia.com.br\/noticia\/wp-json\/wp\/v2\/users\/2"}],"replies":[{"embeddable":true,"href":"https:\/\/migracao.redenoticia.com.br\/noticia\/wp-json\/wp\/v2\/comments?post=46408"}],"version-history":[{"count":0,"href":"https:\/\/migracao.redenoticia.com.br\/noticia\/wp-json\/wp\/v2\/posts\/46408\/revisions"}],"wp:featuredmedia":[{"embeddable":true,"href":"https:\/\/migracao.redenoticia.com.br\/noticia\/wp-json\/wp\/v2\/media\/35093"}],"wp:attachment":[{"href":"https:\/\/migracao.redenoticia.com.br\/noticia\/wp-json\/wp\/v2\/media?parent=46408"}],"wp:term":[{"taxonomy":"category","embeddable":true,"href":"https:\/\/migracao.redenoticia.com.br\/noticia\/wp-json\/wp\/v2\/categories?post=46408"},{"taxonomy":"post_tag","embeddable":true,"href":"https:\/\/migracao.redenoticia.com.br\/noticia\/wp-json\/wp\/v2\/tags?post=46408"}],"curies":[{"name":"wp","href":"https:\/\/api.w.org\/{rel}","templated":true}]}}