{"id":46450,"date":"2013-08-21T18:41:39","date_gmt":"2013-08-21T21:41:39","guid":{"rendered":"http:\/\/www.redenoticia.com.br\/noticia\/?p=46450"},"modified":"2013-08-21T18:42:11","modified_gmt":"2013-08-21T21:42:11","slug":"flor-do-caribe-guiomar-ajuda-nicole-na-denuncia-contra-dionisio","status":"publish","type":"post","link":"https:\/\/migracao.redenoticia.com.br\/noticia\/2013\/flor-do-caribe-guiomar-ajuda-nicole-na-denuncia-contra-dionisio\/46450","title":{"rendered":"Flor do Caribe &#8211; Guiomar ajuda Nicole na den\u00fancia contra Dion\u00edsio"},"content":{"rendered":"<p><a href=\"https:\/\/migracao.redenoticia.com.br\/noticia\/imagens\/flor-do-caribe-resumo-novela-capitulo-episodio-rede-globo-proximo.jpg\"><img loading=\"lazy\" decoding=\"async\" class=\"alignleft size-medium wp-image-45196\" alt=\"flor do caribe resumo novela capitulo episodio rede globo proximo\" src=\"https:\/\/migracao.redenoticia.com.br\/noticia\/imagens\/flor-do-caribe-resumo-novela-capitulo-episodio-rede-globo-proximo-250x160.jpg\" width=\"250\" height=\"160\" \/><\/a><strong><em>Flor do Caribe<\/em><\/strong> &#8211; depois de conseguir se livrar da den\u00fancia feita por H\u00e9lio (Raphael Viana), Dion\u00edsio (S\u00e9rgio Mamberti) vai encarar mais uma acusa\u00e7\u00e3o. Ao sair da delegacia, o magnata topa com Nicole (Cinara Leal), que chega acompanhada de Guiomar (Cl\u00e1udia Netto) para prestar queixa contra o empres\u00e1rio. \u201cSe eu fosse voc\u00ea, aproveitava e ficava por aqui mesmo pra evitar o ir e vir. Sim, porque logo voc\u00ea ser\u00e1 convocado a voltar aqui prestar depoimento pela sua inj\u00faria racial contra a Nicole\u201d, avisa Guiomar. Irritado, Dion\u00edsio vai embora sem responder a provoca\u00e7\u00e3o da nora. Depois desse encontro, Nicole toma coragem e conta tudo que sofreu para o delegado. &#8220;Eu fui humilhada pelo simples fato de ser negra(&#8230;). O homem que me destratou, me ofendeu e me humilhou&#8230; por acaso saiu agora pouco daqui: s\u00eao Dionisio Albuquerque\u201d, afirma.<\/p>\n<p>Fonte Rede Globo \u2013 novela Flor do Caribe<\/p>\n<p>A hist\u00f3ria se passa na fict\u00edcia Vila dos Ventos. Flor do Caribe apresenta parte do elenco estreante na televis\u00e3o. \u00c9 o caso do ator Igor Rickli, do uruguaio Cesar Troncoso e da argentina Moro Anghileri. Na novela, amigos de inf\u00e2ncia se tornam rivais por um grande amor. Cassiano (Henri Castelli), Ester (Grazi Massafera) e Alberto (Igor Rickli) s\u00e3o amigos de inf\u00e2ncia em Flor do Caribe. Segundo a Rede Globo as temporadas de f\u00e9rias em Vila dos Ventos, uma cidade no litoral do Rio Grande do Norte, aproximaram os tr\u00eas, mas suas vidas seguiram caminhos distintos. Alberto se afasta por alguns anos para receber a forma\u00e7\u00e3o que lhe cabe como herdeiro do imp\u00e9rio constru\u00eddo pela fam\u00edlia Albuquerque, enquanto Ester e Cassiano vivem o amor que sentem um pelo outro e lutam para alcan\u00e7ar seus objetivos.<\/p>\n","protected":false},"excerpt":{"rendered":"<p>Flor do Caribe &#8211; depois de conseguir se livrar da den\u00fancia feita por H\u00e9lio (Raphael Viana), Dion\u00edsio (S\u00e9rgio Mamberti) vai encarar mais uma acusa\u00e7\u00e3o. Ao sair da delegacia, o magnata topa com Nicole (Cinara Leal), que chega acompanhada de Guiomar (Cl\u00e1udia Netto) para prestar queixa contra o empres\u00e1rio. \u201cSe eu fosse voc\u00ea, aproveitava e ficava [&hellip;]<\/p>\n","protected":false},"author":2,"featured_media":45196,"comment_status":"open","ping_status":"closed","sticky":false,"template":"","format":"standard","meta":{"tdm_status":"","tdm_grid_status":"","footnotes":""},"categories":[379,375,343],"tags":[],"class_list":{"0":"post-46450","1":"post","2":"type-post","3":"status-publish","4":"format-standard","5":"has-post-thumbnail","7":"category-novelas","8":"category-rede-globo","9":"category-televisao"},"_links":{"self":[{"href":"https:\/\/migracao.redenoticia.com.br\/noticia\/wp-json\/wp\/v2\/posts\/46450","targetHints":{"allow":["GET"]}}],"collection":[{"href":"https:\/\/migracao.redenoticia.com.br\/noticia\/wp-json\/wp\/v2\/posts"}],"about":[{"href":"https:\/\/migracao.redenoticia.com.br\/noticia\/wp-json\/wp\/v2\/types\/post"}],"author":[{"embeddable":true,"href":"https:\/\/migracao.redenoticia.com.br\/noticia\/wp-json\/wp\/v2\/users\/2"}],"replies":[{"embeddable":true,"href":"https:\/\/migracao.redenoticia.com.br\/noticia\/wp-json\/wp\/v2\/comments?post=46450"}],"version-history":[{"count":0,"href":"https:\/\/migracao.redenoticia.com.br\/noticia\/wp-json\/wp\/v2\/posts\/46450\/revisions"}],"wp:featuredmedia":[{"embeddable":true,"href":"https:\/\/migracao.redenoticia.com.br\/noticia\/wp-json\/wp\/v2\/media\/45196"}],"wp:attachment":[{"href":"https:\/\/migracao.redenoticia.com.br\/noticia\/wp-json\/wp\/v2\/media?parent=46450"}],"wp:term":[{"taxonomy":"category","embeddable":true,"href":"https:\/\/migracao.redenoticia.com.br\/noticia\/wp-json\/wp\/v2\/categories?post=46450"},{"taxonomy":"post_tag","embeddable":true,"href":"https:\/\/migracao.redenoticia.com.br\/noticia\/wp-json\/wp\/v2\/tags?post=46450"}],"curies":[{"name":"wp","href":"https:\/\/api.w.org\/{rel}","templated":true}]}}