{"id":46454,"date":"2013-08-21T19:01:12","date_gmt":"2013-08-21T22:01:12","guid":{"rendered":"http:\/\/www.redenoticia.com.br\/noticia\/?p=46454"},"modified":"2013-08-21T19:01:12","modified_gmt":"2013-08-21T22:01:12","slug":"chiquititas-sbt-lanca-trilha-sonora-da-novela","status":"publish","type":"post","link":"https:\/\/migracao.redenoticia.com.br\/noticia\/2013\/chiquititas-sbt-lanca-trilha-sonora-da-novela\/46454","title":{"rendered":"Chiquititas &#8211; SBT lan\u00e7a trilha sonora da novela"},"content":{"rendered":"<p><strong><em><a href=\"https:\/\/migracao.redenoticia.com.br\/noticia\/imagens\/chiquititas.jpg\"><img loading=\"lazy\" decoding=\"async\" class=\"alignleft size-medium wp-image-46455\" alt=\"chiquititas\" src=\"https:\/\/migracao.redenoticia.com.br\/noticia\/imagens\/chiquititas-250x160.jpg\" width=\"250\" height=\"160\" \/><\/a>Chiquititas<\/em><\/strong> &#8211; lan\u00e7amento do SBT Music em parceria com a Building Records, que \u00e9 a gravadora oficial de Chiquititas, o CD \u00e9 composto por 18 grandes sucessos que embalam as emo\u00e7\u00f5es do dia a dia dos personagens do Orfanato Raio de Luz, do Caf\u00e9 Boutique e da Mans\u00e3o dos Almeida Campos.\u00a0Com can\u00e7\u00f5es interpretadas por Larissa Manoela, Priscilla Alcantara, Danny Pink e Giseli Soares, o CD com a <strong><em>trilha sonora<\/em><\/strong> da novela Chiquititas, adapta\u00e7\u00e3o da autora Iris Abravanel e dire\u00e7\u00e3o-geral de Reynaldo Boury, chega \u00e0s lojas em setembro com dire\u00e7\u00e3o musical de Arnaldo Saccomani e La\u00e9rcio Ferreira.<\/p>\n<p>A m\u00fasica-tema de Maria Cec\u00edlia (Lisandra Parede) e Tobias (Pedro Lemos) \u00e9 \u201cTe Gosto Tanto\u201d, interpretada por Larissa Manoela. Gabriel Santana, Filipe Cavalcante e Gui Vieira gravaram a m\u00fasica \u201cPalco\u201d, que serve como trilha para as peraltices de seus personagens, Mosca, Rafa e Binho. Guilherme Boury e Manoela do Monte cantam a m\u00fasica \u2018Grava Essa Ideia\u2019, que vai embalar o romance de seus personagens, Junior e Carol. A can\u00e7\u00e3o \u2018O Chefe Chico\u2019 foi gravada por Jo\u00e3o Acaiabe para seu personagem, o cozinheiro Chico. J\u00e1 Amanda Acosta e Carolina Chamberlain cantam a m\u00fasica \u2018Cora\u00e7\u00e3o com Buraquinhos\u2019, que \u00e9 tema de suas personagens, Let\u00edcia e Dani (m\u00e3e e filha). A personagem Pata possui como trilha a m\u00fasica \u201cIgual aos Demais\u2019, interpretada por Julia Olliver. Giovanna Grigio, a Mili, canta a m\u00fasica \u201cAbra\u00e7a o Mundo\u201d e tamb\u00e9m faz um dueto na m\u00fasica \u201cMentirinhas\u201d com Gabriella Saraivah, que interpreta a pequena Tati. E mais, o Coro Chiquititas interpreta as m\u00fasicas \u201cRemexe\u201d (tema de abertura), \u201cTodo Mundo Chique\u201d, \u201cBerlinda\u201d, \u201cSinais\u201d, \u201cTudo Tudo\u201d, \u201cAt\u00e9 Dez\u201d e \u201cSempre Juntos\u201d.<\/p>\n<p>1. Remexe \u2013 Coro Chiquititas<br \/>\n2. Todo Mundo Chique &#8211; Coro Chiquititas<br \/>\n3. Berlinda &#8211; Coro Chiquititas<br \/>\n4. Sinais &#8211; Coro Chiquititas<br \/>\n5. Te Gosto Tanto \u2013 Larissa Manoela<br \/>\n6. Palco \u2013 Gabriel Santana, Filipe Cavalcante e Gui Vieira<br \/>\n7. O Chefe Chico \u2013 Jo\u00e3o Acaiabe<br \/>\n8. Mentirinhas \u2013 Giovanna Grigio e Gabriella Saraivah<br \/>\n9. Quero Te Encontrar \u2013 Giseli Soares<br \/>\n10. Tudo Tudo &#8211; Coro Chiquititas<br \/>\n11. Grava Essa Ideia \u2013 Guilherme Boury e Manuela do Monte<br \/>\n12. Amigas \u2013 Danny Pink<br \/>\n13. At\u00e9 Dez &#8211; Coro Chiquititas<br \/>\n14. Abra\u00e7a o Mundo \u2013 Giovanna Grigio<br \/>\n15. Igual aos Demais \u2013 Julia Olliver<br \/>\n16. Cora\u00e7\u00e3o com Buraquinhos \u2013 Amanda Acosta e Carolina Chamberlain<br \/>\n17. Da \u00c1gua pro Vinho \u2013 Priscilla Alcantara<br \/>\n18. Sempre Juntos &#8211; Coro Chiquititas<\/p>\n","protected":false},"excerpt":{"rendered":"<p>Chiquititas &#8211; lan\u00e7amento do SBT Music em parceria com a Building Records, que \u00e9 a gravadora oficial de Chiquititas, o CD \u00e9 composto por 18 grandes sucessos que embalam as emo\u00e7\u00f5es do dia a dia dos personagens do Orfanato Raio de Luz, do Caf\u00e9 Boutique e da Mans\u00e3o dos Almeida Campos.\u00a0Com can\u00e7\u00f5es interpretadas por Larissa [&hellip;]<\/p>\n","protected":false},"author":2,"featured_media":46455,"comment_status":"open","ping_status":"closed","sticky":false,"template":"","format":"standard","meta":{"tdm_status":"","tdm_grid_status":"","footnotes":""},"categories":[379,372,343],"tags":[],"class_list":{"0":"post-46454","1":"post","2":"type-post","3":"status-publish","4":"format-standard","5":"has-post-thumbnail","7":"category-novelas","8":"category-sbt","9":"category-televisao"},"_links":{"self":[{"href":"https:\/\/migracao.redenoticia.com.br\/noticia\/wp-json\/wp\/v2\/posts\/46454","targetHints":{"allow":["GET"]}}],"collection":[{"href":"https:\/\/migracao.redenoticia.com.br\/noticia\/wp-json\/wp\/v2\/posts"}],"about":[{"href":"https:\/\/migracao.redenoticia.com.br\/noticia\/wp-json\/wp\/v2\/types\/post"}],"author":[{"embeddable":true,"href":"https:\/\/migracao.redenoticia.com.br\/noticia\/wp-json\/wp\/v2\/users\/2"}],"replies":[{"embeddable":true,"href":"https:\/\/migracao.redenoticia.com.br\/noticia\/wp-json\/wp\/v2\/comments?post=46454"}],"version-history":[{"count":0,"href":"https:\/\/migracao.redenoticia.com.br\/noticia\/wp-json\/wp\/v2\/posts\/46454\/revisions"}],"wp:featuredmedia":[{"embeddable":true,"href":"https:\/\/migracao.redenoticia.com.br\/noticia\/wp-json\/wp\/v2\/media\/46455"}],"wp:attachment":[{"href":"https:\/\/migracao.redenoticia.com.br\/noticia\/wp-json\/wp\/v2\/media?parent=46454"}],"wp:term":[{"taxonomy":"category","embeddable":true,"href":"https:\/\/migracao.redenoticia.com.br\/noticia\/wp-json\/wp\/v2\/categories?post=46454"},{"taxonomy":"post_tag","embeddable":true,"href":"https:\/\/migracao.redenoticia.com.br\/noticia\/wp-json\/wp\/v2\/tags?post=46454"}],"curies":[{"name":"wp","href":"https:\/\/api.w.org\/{rel}","templated":true}]}}