{"id":46457,"date":"2013-08-21T20:51:10","date_gmt":"2013-08-21T23:51:10","guid":{"rendered":"http:\/\/www.redenoticia.com.br\/noticia\/?p=46457"},"modified":"2013-08-21T20:51:10","modified_gmt":"2013-08-21T23:51:10","slug":"inflacao-medida-pelo-ipca-15-registra-alta-de-016-em-agosto","status":"publish","type":"post","link":"https:\/\/migracao.redenoticia.com.br\/noticia\/2013\/inflacao-medida-pelo-ipca-15-registra-alta-de-016-em-agosto\/46457","title":{"rendered":"Infla\u00e7\u00e3o medida pelo IPCA-15 registra alta de 0,16% em agosto"},"content":{"rendered":"<p>Rio de Janeiro \u2013 O \u00cdndice Nacional de Pre\u00e7os ao Consumidor Amplo-15 (IPCA-15), pr\u00e9via da <em><strong>infla\u00e7\u00e3o<\/strong><\/em> oficial, subiu 0,16% em agosto, alta superior \u00e0 de julho, quando subiu 0,07%. No acumulado no ano, a taxa registra alta de 3,69%, acima dos 3,32% acumulados no mesmo per\u00edodo de 2012.<\/p>\n<p>As informa\u00e7\u00f5es foram divulgadas hoje (21) pelo Instituto Brasileiro de Geografia e Estat\u00edstica (IBGE). Nos \u00faltimos 12 meses, o IPCA-15 teve alta de 6,15%, abaixo dos 6,40% registrados nos 12 meses imediatamente anteriores. Em agosto de 2012, a taxa havia ficado em 0,39%.<\/p>\n<p>O estudo mostra ainda que a alta do \u00edndice em agosto deve-se, principalmente, \u00e0 queda menos intensa dos grupos alimenta\u00e7\u00e3o e bebidas (de -0,18% em julho para -0,09% em agosto) e transporte (de -0,55% para -0,30%), bem como \u00e0 alta na taxa do grupo sa\u00fade e cuidados pessoais (de 0,20% para 0,45%) e educa\u00e7\u00e3o (de 0,11% para 0,68%).<\/p>\n<p>No grupo alimentos, a alta no pre\u00e7o do leite longa vida (5,46%) liderou o ranking dos principais impactos individuais do m\u00eas, com 0,06 ponto percentual. Os outros itens cujas altas merecem destaque s\u00e3o: feij\u00e3o-preto (5,35%), cerveja consumida no domic\u00edlio (3,33%), cerveja consumida fora do domic\u00edlio (1,17%), lanche (0,96%) e refei\u00e7\u00e3o (0,36%). Entre os alimentos que seguiram a trajet\u00f3ria de queda, os que tiveram redu\u00e7\u00e3o mais acentuada foram: tomate (-22,96%), cebola (-20,09%), feij\u00e3o-carioca (-6,03%), batata-inglesa (-4,81%) e frutas (-1,99%).<\/p>\n<p>No item transporte, as quedas, embora menos intensas, ainda s\u00e3o reflexo das desonera\u00e7\u00f5es iniciadas em junho. Variaram as taxas de \u00f4nibus urbano (de -1,02% em julho para -1,69% em agosto), de \u00f4nibus intermunicipal (de -0,91% para -0,70%), de trem (de -1,15% para -1,96%) e de metr\u00f4 (de -2,02% para -2,24%). J\u00e1 a gasolina passou de -0,69% para 0,03%, e o etanol de -3,71% para -0,22%, fazendo com que o grupo transporte tivesse queda menor do que no m\u00eas anterior.<\/p>\n<p>No grupo educa\u00e7\u00e3o, os cursos regulares variaram 0,56%, enquanto os cursos diversos (como inform\u00e1tica e idioma) apresentaram alta de 1,71%.<\/p>\n<p>J\u00e1 o grupo sa\u00fade e cuidados pessoais (de 0,20% em julho para 0,45% em agosto) teve alta influenciada, sobretudo, pelos servi\u00e7os m\u00e9dicos e dent\u00e1rios (1,12%) e de produtos de higiene pessoal (0,42%). Os pre\u00e7os dos rem\u00e9dios, por\u00e9m, continuam em queda (-0,21%), segundo a pesquisa.<\/p>\n<p>Os artigos de resid\u00eancia (de -0,06% julho para 0,62% em agosto) tamb\u00e9m subiram, principalmente, devido ao aumento nos pre\u00e7os dos eletrodom\u00e9sticos (de -0,30% para 1,00%), TV, som e inform\u00e1tica (de -0,54% para 0,77%) e mobili\u00e1rio (de -0,22% para 0,46%).<\/p>\n<p>A queda da taxa do grupo habita\u00e7\u00e3o, que passou de 0,60% em julho para 0,56% em agosto, foi influenciada pela redu\u00e7\u00e3o da taxa de \u00e1gua e esgoto (de 0,94% para 0,16%) e aluguel residencial (de 0,83% para 0,74%).<\/p>\n<p>Nas despesas pessoais, que tamb\u00e9m teve varia\u00e7\u00e3o de 1,08% em julho para 0,51% em agosto, o destaque ficou com o item empregado dom\u00e9stico (1,45% para 0,53%), seguido de cabeleireiro (de 1,24% para 0,62%) e manicure (de 0,53% para 0,37%).<\/p>\n<p>Dentre os \u00edndices regionais, o maior foi o de Curitiba (0,51%) em virtude da energia el\u00e9trica (4,52%), que refletiu o reajuste de 8,64% nas tarifas a partir de 9 de julho. A gasolina (4,82%) e o etanol (2,04%) tamb\u00e9m pressionaram o \u00edndice da regi\u00e3o. O menor \u00edndice foi o de Salvador (-0,17%), onde o pre\u00e7o dos alimentos teve queda de 1,23%.<\/p>\n<p>Fl\u00e1via Villela<br \/>\nRep\u00f3rter da Ag\u00eancia Brasil<br \/>\nEdi\u00e7\u00e3o: Denise Griesinger<\/p>\n","protected":false},"excerpt":{"rendered":"<p>Rio de Janeiro \u2013 O \u00cdndice Nacional de Pre\u00e7os ao Consumidor Amplo-15 (IPCA-15), pr\u00e9via da infla\u00e7\u00e3o oficial, subiu 0,16% em agosto, alta superior \u00e0 de julho, quando subiu 0,07%. No acumulado no ano, a taxa registra alta de 3,69%, acima dos 3,32% acumulados no mesmo per\u00edodo de 2012. As informa\u00e7\u00f5es foram divulgadas hoje (21) pelo [&hellip;]<\/p>\n","protected":false},"author":2,"featured_media":34916,"comment_status":"open","ping_status":"closed","sticky":false,"template":"","format":"standard","meta":{"tdm_status":"","tdm_grid_status":"","footnotes":""},"categories":[22,7],"tags":[],"class_list":{"0":"post-46457","1":"post","2":"type-post","3":"status-publish","4":"format-standard","5":"has-post-thumbnail","7":"category-brasil","8":"category-economia"},"_links":{"self":[{"href":"https:\/\/migracao.redenoticia.com.br\/noticia\/wp-json\/wp\/v2\/posts\/46457","targetHints":{"allow":["GET"]}}],"collection":[{"href":"https:\/\/migracao.redenoticia.com.br\/noticia\/wp-json\/wp\/v2\/posts"}],"about":[{"href":"https:\/\/migracao.redenoticia.com.br\/noticia\/wp-json\/wp\/v2\/types\/post"}],"author":[{"embeddable":true,"href":"https:\/\/migracao.redenoticia.com.br\/noticia\/wp-json\/wp\/v2\/users\/2"}],"replies":[{"embeddable":true,"href":"https:\/\/migracao.redenoticia.com.br\/noticia\/wp-json\/wp\/v2\/comments?post=46457"}],"version-history":[{"count":0,"href":"https:\/\/migracao.redenoticia.com.br\/noticia\/wp-json\/wp\/v2\/posts\/46457\/revisions"}],"wp:featuredmedia":[{"embeddable":true,"href":"https:\/\/migracao.redenoticia.com.br\/noticia\/wp-json\/wp\/v2\/media\/34916"}],"wp:attachment":[{"href":"https:\/\/migracao.redenoticia.com.br\/noticia\/wp-json\/wp\/v2\/media?parent=46457"}],"wp:term":[{"taxonomy":"category","embeddable":true,"href":"https:\/\/migracao.redenoticia.com.br\/noticia\/wp-json\/wp\/v2\/categories?post=46457"},{"taxonomy":"post_tag","embeddable":true,"href":"https:\/\/migracao.redenoticia.com.br\/noticia\/wp-json\/wp\/v2\/tags?post=46457"}],"curies":[{"name":"wp","href":"https:\/\/api.w.org\/{rel}","templated":true}]}}