{"id":46459,"date":"2013-08-21T20:53:19","date_gmt":"2013-08-21T23:53:19","guid":{"rendered":"http:\/\/www.redenoticia.com.br\/noticia\/?p=46459"},"modified":"2013-08-21T20:53:19","modified_gmt":"2013-08-21T23:53:19","slug":"governo-e-centrais-reabrem-negociacao-sobre-fator-previdenciario","status":"publish","type":"post","link":"https:\/\/migracao.redenoticia.com.br\/noticia\/2013\/governo-e-centrais-reabrem-negociacao-sobre-fator-previdenciario\/46459","title":{"rendered":"Governo e centrais reabrem negocia\u00e7\u00e3o sobre fator previdenci\u00e1rio"},"content":{"rendered":"<p>Bras\u00edlia \u2013 Governo e centrais sindicais reabriram hoje (21) a negocia\u00e7\u00e3o sobre o fim do <em><strong>fator previdenci\u00e1rio<\/strong><\/em> e a substitui\u00e7\u00e3o do modelo por uma nova f\u00f3rmula para o c\u00e1lculo das aposentadorias. A retomada do di\u00e1logo foi acertada entre as centrais e os ministros Manoel Dias, do Trabalho, Garibaldi Alves Filho, da Previd\u00eancia, e Gilberto Carvalho, secret\u00e1rio-geral da Presid\u00eancia da Rep\u00fablica, em reuni\u00e3o no Pal\u00e1cio do Planalto.<\/p>\n<p>\u201cA not\u00edcia \u00e9 a abertura da negocia\u00e7\u00e3o. Qual vai ser o desfecho da negocia\u00e7\u00e3o, n\u00e3o sabemos. Est\u00e1vamos com um problema grav\u00edssimo, porque o fim do fator [previdenci\u00e1rio] \u00e9 uma das nossas principais reivindica\u00e7\u00f5es e n\u00e3o est\u00e1vamos conseguindo que isso viesse para a pauta de negocia\u00e7\u00e3o\u201d, disse o presidente da Central \u00danica dos Trabalhadores (CUT), Vagner Freitas.<\/p>\n<p>A nova rodada de negocia\u00e7\u00e3o sobre o fator previdenci\u00e1rio ter\u00e1 60 dias para apresentar os primeiros resultados e ter\u00e1 como ponto de partida a chamada F\u00f3rmula 85\/95, que soma a idade dos trabalhadores ao tempo de contribui\u00e7\u00e3o at\u00e9 atingir o valor 85 para as mulheres, e 95 para os homens.<\/p>\n<p>O governo j\u00e1 sinalizou que n\u00e3o concorda em simplesmente dar fim ao fator previdenci\u00e1rio, mas est\u00e1 aberto a discuss\u00f5es sobre a f\u00f3rmula 85\/95. Segundo a ministra de Rela\u00e7\u00f5es Institucionais, Ideli Salvatti, a nova conta para a aposentadoria dever\u00e1 considerar o aumento da expectativa de vida da popula\u00e7\u00e3o brasileira para evitar impactos no sistema previdenci\u00e1rio.<\/p>\n<p>\u201cN\u00e3o h\u00e1, da parte do governo, nenhuma inten\u00e7\u00e3o no fim puro e simples do fator previdenci\u00e1rio. Isso causaria um impacto que n\u00e3o teria sustentabilidade. Portanto, acho que a disposi\u00e7\u00e3o da mesa de negocia\u00e7\u00e3o \u00e9 encontrar uma f\u00f3rmula que permita implementar gradualmente, implementar de forma sustent\u00e1vel\u201d, disse a ministra.<\/p>\n<p>Ideli informou que a negocia\u00e7\u00e3o ter\u00e1 representantes dos minist\u00e9rios do Trabalho, da Previd\u00eancia e da Fazenda, da Secretaria-Geral da Presid\u00eancia e das centrais sindicais.<\/p>\n<p>Luana Louren\u00e7o<br \/>\nReforma da Ag\u00eancia Brasil<br \/>\nEdi\u00e7\u00e3o: N\u00e1dia Franco<\/p>\n","protected":false},"excerpt":{"rendered":"<p>Bras\u00edlia \u2013 Governo e centrais sindicais reabriram hoje (21) a negocia\u00e7\u00e3o sobre o fim do fator previdenci\u00e1rio e a substitui\u00e7\u00e3o do modelo por uma nova f\u00f3rmula para o c\u00e1lculo das aposentadorias. A retomada do di\u00e1logo foi acertada entre as centrais e os ministros Manoel Dias, do Trabalho, Garibaldi Alves Filho, da Previd\u00eancia, e Gilberto Carvalho, [&hellip;]<\/p>\n","protected":false},"author":2,"featured_media":27756,"comment_status":"open","ping_status":"closed","sticky":false,"template":"","format":"standard","meta":{"tdm_status":"","tdm_grid_status":"","footnotes":""},"categories":[22,7],"tags":[],"class_list":{"0":"post-46459","1":"post","2":"type-post","3":"status-publish","4":"format-standard","5":"has-post-thumbnail","7":"category-brasil","8":"category-economia"},"_links":{"self":[{"href":"https:\/\/migracao.redenoticia.com.br\/noticia\/wp-json\/wp\/v2\/posts\/46459","targetHints":{"allow":["GET"]}}],"collection":[{"href":"https:\/\/migracao.redenoticia.com.br\/noticia\/wp-json\/wp\/v2\/posts"}],"about":[{"href":"https:\/\/migracao.redenoticia.com.br\/noticia\/wp-json\/wp\/v2\/types\/post"}],"author":[{"embeddable":true,"href":"https:\/\/migracao.redenoticia.com.br\/noticia\/wp-json\/wp\/v2\/users\/2"}],"replies":[{"embeddable":true,"href":"https:\/\/migracao.redenoticia.com.br\/noticia\/wp-json\/wp\/v2\/comments?post=46459"}],"version-history":[{"count":0,"href":"https:\/\/migracao.redenoticia.com.br\/noticia\/wp-json\/wp\/v2\/posts\/46459\/revisions"}],"wp:featuredmedia":[{"embeddable":true,"href":"https:\/\/migracao.redenoticia.com.br\/noticia\/wp-json\/wp\/v2\/media\/27756"}],"wp:attachment":[{"href":"https:\/\/migracao.redenoticia.com.br\/noticia\/wp-json\/wp\/v2\/media?parent=46459"}],"wp:term":[{"taxonomy":"category","embeddable":true,"href":"https:\/\/migracao.redenoticia.com.br\/noticia\/wp-json\/wp\/v2\/categories?post=46459"},{"taxonomy":"post_tag","embeddable":true,"href":"https:\/\/migracao.redenoticia.com.br\/noticia\/wp-json\/wp\/v2\/tags?post=46459"}],"curies":[{"name":"wp","href":"https:\/\/api.w.org\/{rel}","templated":true}]}}