{"id":46467,"date":"2013-08-21T21:12:55","date_gmt":"2013-08-22T00:12:55","guid":{"rendered":"http:\/\/www.redenoticia.com.br\/noticia\/?p=46467"},"modified":"2013-08-21T21:12:55","modified_gmt":"2013-08-22T00:12:55","slug":"a-pratica-do-ensino-superior-de-educacao-fisica","status":"publish","type":"post","link":"https:\/\/migracao.redenoticia.com.br\/noticia\/2013\/a-pratica-do-ensino-superior-de-educacao-fisica\/46467","title":{"rendered":"A pr\u00e1tica do ensino superior de Educa\u00e7\u00e3o F\u00edsica"},"content":{"rendered":"<p>Experi\u00eancias pessoais influenciam as escolhas de qualquer ser humano: permeiam suas rela\u00e7\u00f5es emocionais, tanto quanto suas decis\u00f5es racionais, e estar\u00e3o sempre presentes em sua vida, com significados individuais distintos.\u00a0Compreender a import\u00e2ncia das experi\u00eancias e trajet\u00f3rias de vida na forma\u00e7\u00e3o de professores \u00e9 a proposta do livro Os saberes da experi\u00eancia discente na <em><strong>educa\u00e7\u00e3o f\u00edsica<\/strong><\/em>.<\/p>\n<p>A ideia de escrev\u00ea-lo surgiu da percep\u00e7\u00e3o da coautora Luciana Ceregatto sobre as influ\u00eancias de algumas de suas experi\u00eancias pessoais em sua op\u00e7\u00e3o pela \u00e1rea da Educa\u00e7\u00e3o F\u00edsica e, tamb\u00e9m, da observa\u00e7\u00e3o das lacunas que haviam ficado ainda durante sua passagem pelo ensino b\u00e1sico: &#8220;Notei certo descompasso entre minhas aulas da educa\u00e7\u00e3o b\u00e1sica (nas quais o professor parecia descompromissado com a aula) e o que aprendi na universidade para atuar como professora de Educa\u00e7\u00e3o F\u00edsica&#8221;.<\/p>\n<p>Amparado em amplo material de pesquisa, obtido por meio do acompanhamento de aulas e est\u00e1gios dos alunos, o livro tem como objetivo identificar os aspectos mais significativos das trajet\u00f3rias de vida pessoal dos estudantes, partindo do caso de uma turma (de 2008) do curso de Licenciatura em Educa\u00e7\u00e3o F\u00edsica de uma universidade p\u00fablica paulista.<\/p>\n<p>Com essa investiga\u00e7\u00e3o, os autores buscam descobrir como os saberes da experi\u00eancia dos discentes e futuros professores se relacionam com sua pr\u00e1tica profissional e, ainda, revelar como os espa\u00e7os do ambiente universit\u00e1rio influenciam na forma\u00e7\u00e3o discente inicial.<\/p>\n<p>Com base na an\u00e1lise da pesquisa, os autores, Sergio Luiz Bragatto Boss, Luciana Ceregatto e Samuel de Souza Neto prop\u00f5em discuss\u00f5es sobre a pr\u00e1tica do ensino superior de Educa\u00e7\u00e3o F\u00edsica. Entre os temas, sugerem que se reflita sobre a afetividade como elemento para a forma\u00e7\u00e3o inicial e uma pr\u00e1tica pedag\u00f3gica que leve em conta dois tipos de compreens\u00e3o: a de viv\u00eancia e a de pr\u00e1tica de ensino planejada e reflexiva.<\/p>\n<p>O livro integra a Cole\u00e7\u00e3o Propg Digital, parceria entre a Editora Unesp e a pr\u00f3-reitoria de P\u00f3s-gradua\u00e7\u00e3o da Unesp e sai com o selo Cultura Acad\u00eamica, bra\u00e7o editorial da Universidade.<\/p>\n<p>Download gratuito do livro<br \/>\n<a href=\"http:\/\/www.culturaacademica.com.br\/catalogo-detalhe.asp?ctl_id=325\">http:\/\/www.culturaacademica.com.br\/catalogo-detalhe.asp?ctl_id=325<\/a><\/p>\n<p>Ou\u00e7a entrevista com Luciana Ceregatto<br \/>\n<a href=\"http:\/\/podcast.unesp.br\/perfil-04042013-luciana-ceregatto-entrevista-1700\" target=\"_blank\">http:\/\/podcast.unesp.br\/perfil-04042013-luciana-ceregatto-entrevista-1700<\/a><\/p>\n<p>Os autores<br \/>\nLuciana Ceregatto \u00e9 graduada no curso de Licenciatura em Educa\u00e7\u00e3o F\u00edsica pela Unesp e mestre em Ci\u00eancias da Motricidade pela mesma institui\u00e7\u00e3o. Samuel de Souza Neto \u00e9 professor adjunto do Departamento de Educa\u00e7\u00e3o da Unesp, doutor em Educa\u00e7\u00e3o pela USP e livre docente pela Unesp. Fez o p\u00f3s-doutoramento na Universit\u00e9 de Montr\u00e9al, Canad\u00e1. Sergio Luiz Bragatto Boss possui Gradua\u00e7\u00e3o em Licenciatura Plena em F\u00edsica pela Unesp\/Bauru, Mestrado (2009) e Doutorado (2011) em Educa\u00e7\u00e3o para a Ci\u00eancia pela Unesp\/Bauru e, atualmente, \u00e9 Professor Adjunto da Universidade Federal do Rec\u00f4ncavo da Bahia &#8211; Centro de Forma\u00e7\u00e3o de Professores (UFRB\/CFP).<\/p>\n<p>Assessoria de Imprensa da Editora Unesp<\/p>\n","protected":false},"excerpt":{"rendered":"<p>Experi\u00eancias pessoais influenciam as escolhas de qualquer ser humano: permeiam suas rela\u00e7\u00f5es emocionais, tanto quanto suas decis\u00f5es racionais, e estar\u00e3o sempre presentes em sua vida, com significados individuais distintos.\u00a0Compreender a import\u00e2ncia das experi\u00eancias e trajet\u00f3rias de vida na forma\u00e7\u00e3o de professores \u00e9 a proposta do livro Os saberes da experi\u00eancia discente na educa\u00e7\u00e3o f\u00edsica. A [&hellip;]<\/p>\n","protected":false},"author":2,"featured_media":21774,"comment_status":"open","ping_status":"closed","sticky":false,"template":"","format":"standard","meta":{"tdm_status":"","tdm_grid_status":"","footnotes":""},"categories":[22],"tags":[],"class_list":{"0":"post-46467","1":"post","2":"type-post","3":"status-publish","4":"format-standard","5":"has-post-thumbnail","7":"category-brasil"},"_links":{"self":[{"href":"https:\/\/migracao.redenoticia.com.br\/noticia\/wp-json\/wp\/v2\/posts\/46467","targetHints":{"allow":["GET"]}}],"collection":[{"href":"https:\/\/migracao.redenoticia.com.br\/noticia\/wp-json\/wp\/v2\/posts"}],"about":[{"href":"https:\/\/migracao.redenoticia.com.br\/noticia\/wp-json\/wp\/v2\/types\/post"}],"author":[{"embeddable":true,"href":"https:\/\/migracao.redenoticia.com.br\/noticia\/wp-json\/wp\/v2\/users\/2"}],"replies":[{"embeddable":true,"href":"https:\/\/migracao.redenoticia.com.br\/noticia\/wp-json\/wp\/v2\/comments?post=46467"}],"version-history":[{"count":0,"href":"https:\/\/migracao.redenoticia.com.br\/noticia\/wp-json\/wp\/v2\/posts\/46467\/revisions"}],"wp:featuredmedia":[{"embeddable":true,"href":"https:\/\/migracao.redenoticia.com.br\/noticia\/wp-json\/wp\/v2\/media\/21774"}],"wp:attachment":[{"href":"https:\/\/migracao.redenoticia.com.br\/noticia\/wp-json\/wp\/v2\/media?parent=46467"}],"wp:term":[{"taxonomy":"category","embeddable":true,"href":"https:\/\/migracao.redenoticia.com.br\/noticia\/wp-json\/wp\/v2\/categories?post=46467"},{"taxonomy":"post_tag","embeddable":true,"href":"https:\/\/migracao.redenoticia.com.br\/noticia\/wp-json\/wp\/v2\/tags?post=46467"}],"curies":[{"name":"wp","href":"https:\/\/api.w.org\/{rel}","templated":true}]}}