{"id":46490,"date":"2013-09-06T20:57:42","date_gmt":"2013-09-06T23:57:42","guid":{"rendered":"http:\/\/www.redenoticia.com.br\/noticia\/?p=46490"},"modified":"2013-09-17T21:10:16","modified_gmt":"2013-09-18T00:10:16","slug":"joia-rara-resumo-da-historia-da-novela","status":"publish","type":"post","link":"https:\/\/migracao.redenoticia.com.br\/noticia\/2013\/joia-rara-resumo-da-historia-da-novela\/46490","title":{"rendered":"Novela Joia Rara: resumo da hist\u00f3ria"},"content":{"rendered":"<p><a href=\"https:\/\/migracao.redenoticia.com.br\/noticia\/imagens\/joia-rara-novela-resumo-globo.jpg\"><img loading=\"lazy\" decoding=\"async\" class=\"alignleft size-medium wp-image-46474\" alt=\"joia-rara-novela-resumo-globo\" src=\"https:\/\/migracao.redenoticia.com.br\/noticia\/imagens\/joia-rara-novela-resumo-globo-250x160.jpg\" width=\"250\" height=\"160\" \/><\/a><strong><em>Novela Joia Rara<\/em><\/strong>: a nova novela da Globo das seis, escrita por Thelma Guedes e Duca Rachid, com dire\u00e7\u00e3o de n\u00facleo de Ricardo Waddington e dire\u00e7\u00e3o geral de Amora Mautner.\u00a0A pr\u00e1tica do bem. Imbuir-se da filosofia budista \u00e9 mergulhar na busca incans\u00e1vel por um mundo melhor. \u00c9 lapidar a joia rara que existe dentro de cada um para tornar bom o que \u00e9 ruim; et\u00e9reo o que \u00e9 mundano. A hist\u00f3ria desta for\u00e7a transformadora ser\u00e1 contada em Joia Rara. A novela Joia Rara fala do valor da amizade, do afeto e do amor, sem que isso soe piegas. No Brasil, a pobreza, muitas vezes, gera viol\u00eancia. No Nepal, n\u00e3o. \u00c9 um pa\u00eds paup\u00e9rrimo, mas as pessoas te recebem bem, sorriem pra voc\u00ea de forma sincera. Temos muito o que aprender com os nepaleses&#8221;.<\/p>\n<p>Voc\u00ea pode se interessar por &#8211;\u00a0<a href=\"https:\/\/novelas.redenoticia.com.br\/novela-joia-rara-resumo-dos-proximos-capitulos\/48676\">Novela Joia Rara: <em><strong>resumo dos pr\u00f3ximos cap\u00edtulos<\/strong><\/em><\/a><\/p>\n<p>Em um arco de tempo que vai de 1935 a 1945, Joia Rara tem cen\u00e1rios exuberantes como os Himalaias e o Rio de Janeiro, com sua Copacabana, a Lapa bo\u00eamia e o brilho de seus cabar\u00e9s. A novela Joia Rara tem ainda no elenco Carolina Dieckmann, Mariana Ximenes, Domingos Montagner, Thiago Lacerda, Caio Blat, Let\u00edcia Spiller, Luiz Gustavo, Luiza Valdetaro, Reginaldo Faria, Nicette Bruno, Marcos Caruso, Tiago Abravanel, entre outros.<\/p>\n<p>Em Joia Rara tudo come\u00e7a com um grande amor e polos que se atraem. De um lado Franz (Bruno Gagliasso), rapaz milion\u00e1rio, materialista e mimado; do outro Am\u00e9lia (Bianca Bin), mo\u00e7a pobre, desprendida e batalhadora. Desta paix\u00e3o \u00e0 primeira vista, que enche de \u00f3dio os vil\u00f5es Manfred (Carmo Dalla Vecchia) e Silvia (Nathalia Dill), nasce P\u00e9rola (Mel Maia). Como diz seu nome, a menina \u00e9 pura e preciosa. Com sua ajuda, os pais percebem que o amor que os uniu um dia nunca teve fim; unicamente por ela, o cora\u00e7\u00e3o duro e preconceituoso do av\u00f4 Ernest (Jos\u00e9 de Abreu) se ilumina de afei\u00e7\u00e3o. P\u00e9rola \u00e9 mesmo valiosa e especial, o que pode ser explicado pelos monges: ela \u00e9 a reencarna\u00e7\u00e3o de Ananda (Nelson Xavier), um l\u00edder espiritual budista. P\u00e9rola tem, portanto, uma miss\u00e3o: ensinar as pessoas a amar incondicionalmente.<\/p>\n<p>O ponto de partida de Joia Rara \u00e9 no monte Everest, onde Franz (Bruno Gagliasso), Manfred (Carmo Dalla Vecchia) e Eurico (Sacha Bali) participam de uma escalada, em 1935. H\u00e1 uma avalanche na montanha, e Franz \u00e9 resgatado por monges. Muito ferido, \u00e9 acolhido por Ananda (Nelson Xavier) e passa semanas convalescendo no mosteiro. Do conv\u00edvio de Franz e Ananda nasce uma profunda amizade, que ser\u00e1 muito importante para a trama da novela.<\/p>\n<p>Uma novela com o colorido da cultura tibetana, as paisagens deslumbrantes e a presen\u00e7a da f\u00e9 budista &#8211; com seus rituais e cren\u00e7a na vida espiritual. \u00c9 em meio a esse contexto que Thelma Guedes e Duca Rachid, autoras de Joia Rara, escrevem a saga de P\u00e9rola (Mel Maia). A menina \u00e9 tida como reencarna\u00e7\u00e3o do l\u00edder espiritual Ananda (Nelson Xavier). O que muitos n\u00e3o sabem \u00e9 que essa hist\u00f3ria do pequeno Buda foi inspirada no sonho de uma das autoras. \u201cDesde que come\u00e7amos a escrever juntas sempre surgia a hist\u00f3ria de Siddhartha Gautama, o homem que se tornou o Buda e que fundou a filosofia budista. At\u00e9 que em uma noite, tive um sonho em que um lama morria no Tibete e renascia no Brasil como uma menina\u201d, revela Thelma. P\u00e9rola \u00e9 filha de Franz (Bruno Gagliasso) e Amelinha (Bianca Bin), um casal que tem de superar as diferen\u00e7as sociais e os pontos de vista conflitantes, que est\u00e3o surgindo no Rio de Janeiro entre 1935 e 1945, para encontrar a felicidade. \u201cDescobrimos que o ideal seria que essa crian\u00e7a viesse no meio de um grande conflito entre duas fam\u00edlias, para que ela pudesse apaziguar os conflitos e as diferen\u00e7as\u201d, acrescenta Thelma.<\/p>\n","protected":false},"excerpt":{"rendered":"<p>Novela Joia Rara: a nova novela da Globo das seis, escrita por Thelma Guedes e Duca Rachid, com dire\u00e7\u00e3o de n\u00facleo de Ricardo Waddington e dire\u00e7\u00e3o geral de Amora Mautner.\u00a0A pr\u00e1tica do bem. Imbuir-se da filosofia budista \u00e9 mergulhar na busca incans\u00e1vel por um mundo melhor. \u00c9 lapidar a joia rara que existe dentro de [&hellip;]<\/p>\n","protected":false},"author":2,"featured_media":46474,"comment_status":"open","ping_status":"closed","sticky":false,"template":"","format":"standard","meta":{"tdm_status":"","tdm_grid_status":"","footnotes":""},"categories":[379,375,343],"tags":[],"class_list":{"0":"post-46490","1":"post","2":"type-post","3":"status-publish","4":"format-standard","5":"has-post-thumbnail","7":"category-novelas","8":"category-rede-globo","9":"category-televisao"},"_links":{"self":[{"href":"https:\/\/migracao.redenoticia.com.br\/noticia\/wp-json\/wp\/v2\/posts\/46490","targetHints":{"allow":["GET"]}}],"collection":[{"href":"https:\/\/migracao.redenoticia.com.br\/noticia\/wp-json\/wp\/v2\/posts"}],"about":[{"href":"https:\/\/migracao.redenoticia.com.br\/noticia\/wp-json\/wp\/v2\/types\/post"}],"author":[{"embeddable":true,"href":"https:\/\/migracao.redenoticia.com.br\/noticia\/wp-json\/wp\/v2\/users\/2"}],"replies":[{"embeddable":true,"href":"https:\/\/migracao.redenoticia.com.br\/noticia\/wp-json\/wp\/v2\/comments?post=46490"}],"version-history":[{"count":0,"href":"https:\/\/migracao.redenoticia.com.br\/noticia\/wp-json\/wp\/v2\/posts\/46490\/revisions"}],"wp:featuredmedia":[{"embeddable":true,"href":"https:\/\/migracao.redenoticia.com.br\/noticia\/wp-json\/wp\/v2\/media\/46474"}],"wp:attachment":[{"href":"https:\/\/migracao.redenoticia.com.br\/noticia\/wp-json\/wp\/v2\/media?parent=46490"}],"wp:term":[{"taxonomy":"category","embeddable":true,"href":"https:\/\/migracao.redenoticia.com.br\/noticia\/wp-json\/wp\/v2\/categories?post=46490"},{"taxonomy":"post_tag","embeddable":true,"href":"https:\/\/migracao.redenoticia.com.br\/noticia\/wp-json\/wp\/v2\/tags?post=46490"}],"curies":[{"name":"wp","href":"https:\/\/api.w.org\/{rel}","templated":true}]}}