{"id":46493,"date":"2013-08-22T21:11:10","date_gmt":"2013-08-23T00:11:10","guid":{"rendered":"http:\/\/www.redenoticia.com.br\/noticia\/?p=46493"},"modified":"2013-08-22T21:11:10","modified_gmt":"2013-08-23T00:11:10","slug":"amor-a-vida-eron-chama-patricia-de-safada","status":"publish","type":"post","link":"https:\/\/migracao.redenoticia.com.br\/noticia\/2013\/amor-a-vida-eron-chama-patricia-de-safada\/46493","title":{"rendered":"Amor \u00e0 Vida &#8211; Eron chama Patr\u00edcia de safada"},"content":{"rendered":"<p><a href=\"https:\/\/migracao.redenoticia.com.br\/noticia\/imagens\/amor-a-vida-novela.jpg\"><img loading=\"lazy\" decoding=\"async\" class=\"alignleft size-medium wp-image-45048\" alt=\"amor-a-vida-novela\" src=\"https:\/\/migracao.redenoticia.com.br\/noticia\/imagens\/amor-a-vida-novela-250x160.jpg\" width=\"250\" height=\"160\" \/><\/a><strong><em>Amor \u00e0 Vida<\/em><\/strong> &#8211; Michel (Caio Castro) e Patr\u00edcia (Maria Casadevall) est\u00e3o sempre em chamas e, desde que Guto (M\u00e1rcio Garcia) se mudou para o apartamento da advogada, os dois parecem que est\u00e3o ainda mais sedentos. Depois de ser flagrado no hospital, o casal n\u00e3o desiste de um momento caliente e combina de matar a saudade dentro do carro dela. Os dois se encontram no estacionamento do San Magno, mas novamente passam por uma situa\u00e7\u00e3o embara\u00e7osa. Quando o clima est\u00e1 mais do que quente, com roupas jogadas por todo lado, Eron (Marcello Antony) chega para estragar tudo. Pior! Ele ainda d\u00e1 uma severa bronca na advogada e amea\u00e7a o emprego da gata. \u201cDona Patr\u00edcia, a senhora \u00e9 uma safada!\u201d, dispara.<\/p>\n<p>Fonte Rede Globo \u2013 Novela Amor \u00e0 Vida<\/p>\n<p>A novela Amor \u00e0 Vida conta com a dire\u00e7\u00e3o de n\u00facleo de Wolf Maya, e dire\u00e7\u00e3o geral de Mauro Mendon\u00e7a Filho. O autor Walcyr Carrasco retrata a pluralidade da grande S\u00e3o Paulo. Suas curiosidades, sotaques, g\u00edrias, dramas, moda, enfim, tudo o que a megal\u00f3pole abrange. Em seu primeiro folhetim para o hor\u00e1rio das nove, o autor d\u00e1 uma pista do que o p\u00fablico pode esperar: \u201cEmo\u00e7\u00e3o. Eu amo S\u00e3o Paulo. Sou do interior do Estado e vivo aqui desde os quinze anos. Conhe\u00e7o a cidade profundamente e quero retrat\u00e1-la em toda sua riqueza, beleza e paix\u00e3o\u201d. A nova trama traz \u00e0 tona a hist\u00f3ria da fam\u00edlia Khoury, propriet\u00e1ria do Hospital San Magno. Paolla Oliveira e Malvino Salvador encabe\u00e7am o elenco na pele dos protagonistas Paloma e Bruno. Os dois acabam se apaixonando por conta de Paula (Klara Castanho), que tem consultas peri\u00f3dicas com a pediatra. O pai de Paloma, C\u00e9sar Khoury (Antonio Fagundes), \u00e9 quem rege as regras no estabelecimento. Cl\u00ednico geral e casado com a dermatologista Pilar Khoury (Susana Vieira) desde os tempos de faculdade, procura sempre na filha o seu sucesso em vida. Parece que ele projeta seu pr\u00f3prio futuro nela. J\u00e1 a matriarca morre de amores pelo filho mais velho, F\u00e9lix Khoury (Mateus Solano), por quem o pai n\u00e3o tem tanto apre\u00e7o.<\/p>\n","protected":false},"excerpt":{"rendered":"<p>Amor \u00e0 Vida &#8211; Michel (Caio Castro) e Patr\u00edcia (Maria Casadevall) est\u00e3o sempre em chamas e, desde que Guto (M\u00e1rcio Garcia) se mudou para o apartamento da advogada, os dois parecem que est\u00e3o ainda mais sedentos. Depois de ser flagrado no hospital, o casal n\u00e3o desiste de um momento caliente e combina de matar a [&hellip;]<\/p>\n","protected":false},"author":2,"featured_media":45048,"comment_status":"open","ping_status":"closed","sticky":false,"template":"","format":"standard","meta":{"tdm_status":"","tdm_grid_status":"","footnotes":""},"categories":[379,375,343],"tags":[],"class_list":{"0":"post-46493","1":"post","2":"type-post","3":"status-publish","4":"format-standard","5":"has-post-thumbnail","7":"category-novelas","8":"category-rede-globo","9":"category-televisao"},"_links":{"self":[{"href":"https:\/\/migracao.redenoticia.com.br\/noticia\/wp-json\/wp\/v2\/posts\/46493","targetHints":{"allow":["GET"]}}],"collection":[{"href":"https:\/\/migracao.redenoticia.com.br\/noticia\/wp-json\/wp\/v2\/posts"}],"about":[{"href":"https:\/\/migracao.redenoticia.com.br\/noticia\/wp-json\/wp\/v2\/types\/post"}],"author":[{"embeddable":true,"href":"https:\/\/migracao.redenoticia.com.br\/noticia\/wp-json\/wp\/v2\/users\/2"}],"replies":[{"embeddable":true,"href":"https:\/\/migracao.redenoticia.com.br\/noticia\/wp-json\/wp\/v2\/comments?post=46493"}],"version-history":[{"count":0,"href":"https:\/\/migracao.redenoticia.com.br\/noticia\/wp-json\/wp\/v2\/posts\/46493\/revisions"}],"wp:featuredmedia":[{"embeddable":true,"href":"https:\/\/migracao.redenoticia.com.br\/noticia\/wp-json\/wp\/v2\/media\/45048"}],"wp:attachment":[{"href":"https:\/\/migracao.redenoticia.com.br\/noticia\/wp-json\/wp\/v2\/media?parent=46493"}],"wp:term":[{"taxonomy":"category","embeddable":true,"href":"https:\/\/migracao.redenoticia.com.br\/noticia\/wp-json\/wp\/v2\/categories?post=46493"},{"taxonomy":"post_tag","embeddable":true,"href":"https:\/\/migracao.redenoticia.com.br\/noticia\/wp-json\/wp\/v2\/tags?post=46493"}],"curies":[{"name":"wp","href":"https:\/\/api.w.org\/{rel}","templated":true}]}}