{"id":46496,"date":"2013-08-22T22:00:16","date_gmt":"2013-08-23T01:00:16","guid":{"rendered":"http:\/\/www.redenoticia.com.br\/noticia\/?p=46496"},"modified":"2013-08-22T22:00:16","modified_gmt":"2013-08-23T01:00:16","slug":"flor-do-caribe-silvestre-conta-da-sabotagem-para-cassiano","status":"publish","type":"post","link":"https:\/\/migracao.redenoticia.com.br\/noticia\/2013\/flor-do-caribe-silvestre-conta-da-sabotagem-para-cassiano\/46496","title":{"rendered":"Flor do Caribe &#8211; Silvestre conta da sabotagem para Cassiano"},"content":{"rendered":"<p><a href=\"https:\/\/migracao.redenoticia.com.br\/noticia\/imagens\/flor-do-caribe-resumo-novela-capitulo-episodio-rede-globo-proximo.jpg\"><img loading=\"lazy\" decoding=\"async\" class=\"alignleft size-medium wp-image-45196\" alt=\"flor do caribe resumo novela capitulo episodio rede globo proximo\" src=\"https:\/\/migracao.redenoticia.com.br\/noticia\/imagens\/flor-do-caribe-resumo-novela-capitulo-episodio-rede-globo-proximo-250x160.jpg\" width=\"250\" height=\"160\" \/><\/a><strong><em>Flor do Caribe<\/em><\/strong> &#8211; Alberto (Igor Rickli) est\u00e1 disposto a tudo para impedir a felicidade e o sucesso de Cassiano (Henri Castelli). O milion\u00e1rio tenta convencer Silvestre (Wilson Rabelo) a explodir a mina inteira, sem deixar pedra sobre pedra. Mas o mineiro prefere ficar fora dessa e se nega a ajudar o ex-patr\u00e3o. &#8220;Se n\u00e3o posso contar com voc\u00ea, azar o seu! Eu mesmo vou implodir aquela mina&#8221;, dispara o rica\u00e7o. Com medo da amea\u00e7a de Alberto, Silvestre procura Cassiano e abre o jogo. Ele confessa que ajudou o empres\u00e1rio a explodir a mina da primeira vez e revela o novo plano do rapaz. Esperto, o piloto diz que n\u00e3o pretende denunciar o funcion\u00e1rio, mas que precisa da ajuda dele para armar uma cilada para Alberto.<\/p>\n<p>Fonte Rede Globo \u2013 novela Flor do Caribe<\/p>\n<p>A hist\u00f3ria se passa na fict\u00edcia Vila dos Ventos. Flor do Caribe apresenta parte do elenco estreante na televis\u00e3o. \u00c9 o caso do ator Igor Rickli, do uruguaio Cesar Troncoso e da argentina Moro Anghileri. Na novela, amigos de inf\u00e2ncia se tornam rivais por um grande amor. Cassiano (Henri Castelli), Ester (Grazi Massafera) e Alberto (Igor Rickli) s\u00e3o amigos de inf\u00e2ncia em Flor do Caribe. Segundo a Rede Globo as temporadas de f\u00e9rias em Vila dos Ventos, uma cidade no litoral do Rio Grande do Norte, aproximaram os tr\u00eas, mas suas vidas seguiram caminhos distintos. Alberto se afasta por alguns anos para receber a forma\u00e7\u00e3o que lhe cabe como herdeiro do imp\u00e9rio constru\u00eddo pela fam\u00edlia Albuquerque, enquanto Ester e Cassiano vivem o amor que sentem um pelo outro e lutam para alcan\u00e7ar seus objetivos.<\/p>\n","protected":false},"excerpt":{"rendered":"<p>Flor do Caribe &#8211; Alberto (Igor Rickli) est\u00e1 disposto a tudo para impedir a felicidade e o sucesso de Cassiano (Henri Castelli). O milion\u00e1rio tenta convencer Silvestre (Wilson Rabelo) a explodir a mina inteira, sem deixar pedra sobre pedra. Mas o mineiro prefere ficar fora dessa e se nega a ajudar o ex-patr\u00e3o. &#8220;Se n\u00e3o [&hellip;]<\/p>\n","protected":false},"author":2,"featured_media":45196,"comment_status":"open","ping_status":"closed","sticky":false,"template":"","format":"standard","meta":{"tdm_status":"","tdm_grid_status":"","footnotes":""},"categories":[379,375,343],"tags":[],"class_list":{"0":"post-46496","1":"post","2":"type-post","3":"status-publish","4":"format-standard","5":"has-post-thumbnail","7":"category-novelas","8":"category-rede-globo","9":"category-televisao"},"_links":{"self":[{"href":"https:\/\/migracao.redenoticia.com.br\/noticia\/wp-json\/wp\/v2\/posts\/46496","targetHints":{"allow":["GET"]}}],"collection":[{"href":"https:\/\/migracao.redenoticia.com.br\/noticia\/wp-json\/wp\/v2\/posts"}],"about":[{"href":"https:\/\/migracao.redenoticia.com.br\/noticia\/wp-json\/wp\/v2\/types\/post"}],"author":[{"embeddable":true,"href":"https:\/\/migracao.redenoticia.com.br\/noticia\/wp-json\/wp\/v2\/users\/2"}],"replies":[{"embeddable":true,"href":"https:\/\/migracao.redenoticia.com.br\/noticia\/wp-json\/wp\/v2\/comments?post=46496"}],"version-history":[{"count":0,"href":"https:\/\/migracao.redenoticia.com.br\/noticia\/wp-json\/wp\/v2\/posts\/46496\/revisions"}],"wp:featuredmedia":[{"embeddable":true,"href":"https:\/\/migracao.redenoticia.com.br\/noticia\/wp-json\/wp\/v2\/media\/45196"}],"wp:attachment":[{"href":"https:\/\/migracao.redenoticia.com.br\/noticia\/wp-json\/wp\/v2\/media?parent=46496"}],"wp:term":[{"taxonomy":"category","embeddable":true,"href":"https:\/\/migracao.redenoticia.com.br\/noticia\/wp-json\/wp\/v2\/categories?post=46496"},{"taxonomy":"post_tag","embeddable":true,"href":"https:\/\/migracao.redenoticia.com.br\/noticia\/wp-json\/wp\/v2\/tags?post=46496"}],"curies":[{"name":"wp","href":"https:\/\/api.w.org\/{rel}","templated":true}]}}