{"id":46508,"date":"2013-08-23T00:41:33","date_gmt":"2013-08-23T03:41:33","guid":{"rendered":"http:\/\/www.redenoticia.com.br\/noticia\/?p=46508"},"modified":"2013-08-23T00:41:33","modified_gmt":"2013-08-23T03:41:33","slug":"tesouro-vende-papeis-de-longo-prazo-a-taxas-excessivas-para-confirmar-demanda","status":"publish","type":"post","link":"https:\/\/migracao.redenoticia.com.br\/noticia\/2013\/tesouro-vende-papeis-de-longo-prazo-a-taxas-excessivas-para-confirmar-demanda\/46508","title":{"rendered":"Tesouro vende pap\u00e9is de longo prazo a taxas excessivas para confirmar demanda"},"content":{"rendered":"<p>Bras\u00edlia \u2013 O <em><strong>Tesouro Nacional<\/strong><\/em> vendeu <em><strong>t\u00edtulos<\/strong> <\/em>prefixados (com taxas definidas com anteced\u00eancia) a taxas altas para mostrar que os investidores continuam demandando esses pap\u00e9is apesar da turbul\u00eancia financeira, disse hoje (22) o subsecret\u00e1rio de D\u00edvida P\u00fablica do \u00f3rg\u00e3o, Paulo Valle. Segundo ele, a decis\u00e3o de aceitar os juros em torno de 12% ao ano pedidos pelos compradores fornece uma refer\u00eancia para o mercado e confirma que os aplicadores ainda est\u00e3o interessados em adquirir pap\u00e9is de at\u00e9 dez anos do governo brasileiro.<\/p>\n<p>Nos leil\u00f5es de hoje, o Tesouro vendeu 500 mil NTN-F (Notas do Tesouro Nacional, s\u00e9rie F) com vencimento em 2019 a 11,98% ao ano e 500 mil NTN-F com vencimento em 2023 a 12,05% ao ano. H\u00e1 poucas semanas, esses pap\u00e9is estavam com taxas abaixo de 10% ao ano. \u201cEm momentos de volatilidade, os pre\u00e7os ficam excessivos. Mesmo assim, vendemos pap\u00e9is de longo prazo para mostrar que existe demanda nesse pre\u00e7o\u201d, explicou o secret\u00e1rio.<\/p>\n<p>Paulo Valle ressaltou que a demanda chegou a ficar acima do n\u00famero de pap\u00e9is ofertados. Segundo ele, os compradores queriam 2 milh\u00f5es de pap\u00e9is, e o Tesouro vendeu 1 milh\u00e3o de NTN-F \u2013 500 mil pap\u00e9is de cada tipo. De acordo com o subsecret\u00e1rio, o \u00f3rg\u00e3o chegou at\u00e9 a lucrar. Hoje, o Tesouro vendeu R$ 573 milh\u00f5es a mais do que comprou em t\u00edtulos prefixados.<\/p>\n<p>No caso da NTN-F 2023, o Tesouro vendeu os t\u00edtulos a 12,05% ao ano e recomprou os mesmos pap\u00e9is a 12,28% ao ano. \u201cN\u00e3o \u00e9 objetivo do Tesouro lucrar com essas opera\u00e7\u00f5es, mas isso mostra o quanto o mercado est\u00e1 disfuncional porque os investidores est\u00e3o se desfazendo de pap\u00e9is com taxas mais altas que a dos leil\u00f5es de venda porque acreditam que as taxas v\u00e3o subir ainda mais\u201d, disse.<\/p>\n<p>Por meio dos t\u00edtulos p\u00fablicos, o governo pega emprestado recursos dos investidores para honrar compromissos. Em troca, o Tesouro Nacional se compromete a devolver os recursos com alguma corre\u00e7\u00e3o, que pode ser prefixada (determinada no momento da emiss\u00e3o) ou seguir a infla\u00e7\u00e3o, a taxa Selic (juros b\u00e1sicos da economia) ou o c\u00e2mbio. Os juros representam a desconfian\u00e7a dos compradores que o governo d\u00ea um calote. Quanto mais alta a taxa, maior o risco para os donos dos t\u00edtulos e maior o custo para o Tesouro administrar a d\u00edvida p\u00fablica.<\/p>\n<p>Wellton M\u00e1ximo<br \/>\nRep\u00f3rter da Ag\u00eancia Brasil<\/p>\n<p>Edi\u00e7\u00e3o: A\u00e9cio Amado<\/p>\n","protected":false},"excerpt":{"rendered":"<p>Bras\u00edlia \u2013 O Tesouro Nacional vendeu t\u00edtulos prefixados (com taxas definidas com anteced\u00eancia) a taxas altas para mostrar que os investidores continuam demandando esses pap\u00e9is apesar da turbul\u00eancia financeira, disse hoje (22) o subsecret\u00e1rio de D\u00edvida P\u00fablica do \u00f3rg\u00e3o, Paulo Valle. Segundo ele, a decis\u00e3o de aceitar os juros em torno de 12% ao ano [&hellip;]<\/p>\n","protected":false},"author":2,"featured_media":40734,"comment_status":"open","ping_status":"closed","sticky":false,"template":"","format":"standard","meta":{"tdm_status":"","tdm_grid_status":"","footnotes":""},"categories":[22,7],"tags":[],"class_list":{"0":"post-46508","1":"post","2":"type-post","3":"status-publish","4":"format-standard","5":"has-post-thumbnail","7":"category-brasil","8":"category-economia"},"_links":{"self":[{"href":"https:\/\/migracao.redenoticia.com.br\/noticia\/wp-json\/wp\/v2\/posts\/46508","targetHints":{"allow":["GET"]}}],"collection":[{"href":"https:\/\/migracao.redenoticia.com.br\/noticia\/wp-json\/wp\/v2\/posts"}],"about":[{"href":"https:\/\/migracao.redenoticia.com.br\/noticia\/wp-json\/wp\/v2\/types\/post"}],"author":[{"embeddable":true,"href":"https:\/\/migracao.redenoticia.com.br\/noticia\/wp-json\/wp\/v2\/users\/2"}],"replies":[{"embeddable":true,"href":"https:\/\/migracao.redenoticia.com.br\/noticia\/wp-json\/wp\/v2\/comments?post=46508"}],"version-history":[{"count":0,"href":"https:\/\/migracao.redenoticia.com.br\/noticia\/wp-json\/wp\/v2\/posts\/46508\/revisions"}],"wp:featuredmedia":[{"embeddable":true,"href":"https:\/\/migracao.redenoticia.com.br\/noticia\/wp-json\/wp\/v2\/media\/40734"}],"wp:attachment":[{"href":"https:\/\/migracao.redenoticia.com.br\/noticia\/wp-json\/wp\/v2\/media?parent=46508"}],"wp:term":[{"taxonomy":"category","embeddable":true,"href":"https:\/\/migracao.redenoticia.com.br\/noticia\/wp-json\/wp\/v2\/categories?post=46508"},{"taxonomy":"post_tag","embeddable":true,"href":"https:\/\/migracao.redenoticia.com.br\/noticia\/wp-json\/wp\/v2\/tags?post=46508"}],"curies":[{"name":"wp","href":"https:\/\/api.w.org\/{rel}","templated":true}]}}