{"id":46512,"date":"2013-08-23T00:45:10","date_gmt":"2013-08-23T03:45:10","guid":{"rendered":"http:\/\/www.redenoticia.com.br\/noticia\/?p=46512"},"modified":"2013-08-23T00:45:10","modified_gmt":"2013-08-23T03:45:10","slug":"banco-central-programa-venda-forte-de-dolares-para-conter-desvalorizacao-do-real","status":"publish","type":"post","link":"https:\/\/migracao.redenoticia.com.br\/noticia\/2013\/banco-central-programa-venda-forte-de-dolares-para-conter-desvalorizacao-do-real\/46512","title":{"rendered":"Banco Central programa venda forte de d\u00f3lares para conter desvaloriza\u00e7\u00e3o do real"},"content":{"rendered":"<p>Bras\u00edlia \u2013 O Banco Central (BC) anunciou, no in\u00edcio da noite de hoje (22), que pretende fazer <em><strong>ofertas di\u00e1rias de swaps cambiais<\/strong><\/em> (venda de d\u00f3lares no mercado futuro) no valor de US$ 500 milh\u00f5es, at\u00e9 o fim do ano, para conter a valoriza\u00e7\u00e3o da moeda norte-americana, que ontem (21) ultrapassou a cota\u00e7\u00e3o de R$ 2,45.<\/p>\n<p>A institui\u00e7\u00e3o tamb\u00e9m vai fazer, uma vez por semana, leil\u00f5es de venda direta de d\u00f3lares das reservas, com compromisso de recompra futura. Essas opera\u00e7\u00f5es ser\u00e3o na faixa de US$ 1 bilh\u00e3o, informou a assessoria do Banco Central, que estima disponibilidade de US$ 60 bilh\u00f5es para as opera\u00e7\u00f5es at\u00e9 31 de dezembro.<\/p>\n<p>Os dois leil\u00f5es de hoje, nos quais o BC ofereceu US$ 4 bilh\u00f5es, j\u00e1 comp\u00f5em a estrat\u00e9gia de usar parte dos US$ 373,5 bilh\u00f5es das reservas internacionais para segurar o c\u00e2mbio. O banco n\u00e3o informou quanto conseguiu colocar no mercado, mas a opera\u00e7\u00e3o teve \u00eaxito, contendo a valoriza\u00e7\u00e3o do d\u00f3lar, que fechou o dia cotado a R$ 2,432, com queda de 0,78%.<\/p>\n<p>O BC dar\u00e1 continuidade a o processo amanh\u00e3 (23), com mais uma atua\u00e7\u00e3o forte no mercado, e j\u00e1 comunicou \u00e0s institui\u00e7\u00f5es financeiras credenciadas a operar com c\u00e2mbio que far\u00e1 um leil\u00e3o, \u00e0s 11h15, para venda de mais US$ 1 bilh\u00e3o, com compromisso de recompra no dia 2 de janeiro de 2014.<\/p>\n<p>St\u00eanio Ribeiro<br \/>\nRep\u00f3rter da Ag\u00eancia Brasil<br \/>\nEdi\u00e7\u00e3o: N\u00e1dia Franco<\/p>\n","protected":false},"excerpt":{"rendered":"<p>Bras\u00edlia \u2013 O Banco Central (BC) anunciou, no in\u00edcio da noite de hoje (22), que pretende fazer ofertas di\u00e1rias de swaps cambiais (venda de d\u00f3lares no mercado futuro) no valor de US$ 500 milh\u00f5es, at\u00e9 o fim do ano, para conter a valoriza\u00e7\u00e3o da moeda norte-americana, que ontem (21) ultrapassou a cota\u00e7\u00e3o de R$ 2,45. [&hellip;]<\/p>\n","protected":false},"author":2,"featured_media":38938,"comment_status":"open","ping_status":"closed","sticky":false,"template":"","format":"standard","meta":{"tdm_status":"","tdm_grid_status":"","footnotes":""},"categories":[22,7],"tags":[],"class_list":{"0":"post-46512","1":"post","2":"type-post","3":"status-publish","4":"format-standard","5":"has-post-thumbnail","7":"category-brasil","8":"category-economia"},"_links":{"self":[{"href":"https:\/\/migracao.redenoticia.com.br\/noticia\/wp-json\/wp\/v2\/posts\/46512","targetHints":{"allow":["GET"]}}],"collection":[{"href":"https:\/\/migracao.redenoticia.com.br\/noticia\/wp-json\/wp\/v2\/posts"}],"about":[{"href":"https:\/\/migracao.redenoticia.com.br\/noticia\/wp-json\/wp\/v2\/types\/post"}],"author":[{"embeddable":true,"href":"https:\/\/migracao.redenoticia.com.br\/noticia\/wp-json\/wp\/v2\/users\/2"}],"replies":[{"embeddable":true,"href":"https:\/\/migracao.redenoticia.com.br\/noticia\/wp-json\/wp\/v2\/comments?post=46512"}],"version-history":[{"count":0,"href":"https:\/\/migracao.redenoticia.com.br\/noticia\/wp-json\/wp\/v2\/posts\/46512\/revisions"}],"wp:featuredmedia":[{"embeddable":true,"href":"https:\/\/migracao.redenoticia.com.br\/noticia\/wp-json\/wp\/v2\/media\/38938"}],"wp:attachment":[{"href":"https:\/\/migracao.redenoticia.com.br\/noticia\/wp-json\/wp\/v2\/media?parent=46512"}],"wp:term":[{"taxonomy":"category","embeddable":true,"href":"https:\/\/migracao.redenoticia.com.br\/noticia\/wp-json\/wp\/v2\/categories?post=46512"},{"taxonomy":"post_tag","embeddable":true,"href":"https:\/\/migracao.redenoticia.com.br\/noticia\/wp-json\/wp\/v2\/tags?post=46512"}],"curies":[{"name":"wp","href":"https:\/\/api.w.org\/{rel}","templated":true}]}}