{"id":4659,"date":"2009-07-06T08:12:52","date_gmt":"2009-07-06T12:12:52","guid":{"rendered":"http:\/\/www.redenoticia.com.br\/noticia\/?p=4659"},"modified":"2009-07-06T08:12:52","modified_gmt":"2009-07-06T12:12:52","slug":"a-dupla-cesar-menotti-e-fabiano-agita-o-publico-na-30%c2%aa-expojipa-em-ji-parana","status":"publish","type":"post","link":"https:\/\/migracao.redenoticia.com.br\/noticia\/2009\/a-dupla-cesar-menotti-e-fabiano-agita-o-publico-na-30%c2%aa-expojipa-em-ji-parana\/4659","title":{"rendered":"A dupla Ces\u00e1r Menotti e Fabiano agita o p\u00fablico na 30\u00aa Expojipa em Ji-Paran\u00e1"},"content":{"rendered":"<figure id=\"attachment_4660\" aria-describedby=\"caption-attachment-4660\" style=\"width: 250px\" class=\"wp-caption alignleft\"><a href=\"https:\/\/migracao.redenoticia.com.br\/noticia\/imagens\/\/Cesar-Menotti-e-Fabiano-na-Expojipa.jpg\"><img loading=\"lazy\" decoding=\"async\" class=\"size-medium wp-image-4660\" title=\"Cesar Menotti e Fabiano na Expojipa\" src=\"https:\/\/migracao.redenoticia.com.br\/noticia\/imagens\/\/Cesar-Menotti-e-Fabiano-na-Expojipa-250x167.jpg\" alt=\"Cesar Menotti e Fabiano se apresentam na 30\u00b0 Expojipa\" width=\"250\" height=\"167\" srcset=\"https:\/\/migracao.redenoticia.com.br\/noticia\/imagens\/Cesar-Menotti-e-Fabiano-na-Expojipa-250x167.jpg 250w, https:\/\/migracao.redenoticia.com.br\/noticia\/imagens\/Cesar-Menotti-e-Fabiano-na-Expojipa-150x100.jpg 150w, https:\/\/migracao.redenoticia.com.br\/noticia\/imagens\/Cesar-Menotti-e-Fabiano-na-Expojipa.jpg 387w\" sizes=\"auto, (max-width: 250px) 100vw, 250px\" \/><\/a><figcaption id=\"caption-attachment-4660\" class=\"wp-caption-text\">Cesar Menotti e Fabiano se apresentam na 30\u00b0 Expojipa<\/figcaption><\/figure>\n<p>A cerim\u00f4nia de abertura da 30\u00aa Exposi\u00e7\u00e3o Agropecu\u00e1ria Industrial e Comercial, Expojipa, em Ji-Paran\u00e1 &#8211; RO &#8211; \u00a0foi realizada na arena de rodeio com a presen\u00e7a de v\u00e1rias autoridades. Durante a solenidade foi mostrado em um tel\u00e3o a nova estrutura da arena de rodeio que ser\u00e1 constru\u00edda no parque de Exposi\u00e7\u00f5es. Tamb\u00e9m foi assinado um conv\u00eanio de R$ 100 mil, com o govern do estado de Rond\u00f4nia para apoio ao evento.<\/p>\n<p>Ap\u00f3s a abertura oficial, iniciou o rodeio qualify ( classificat\u00f3rio para o profissional ). Ao todo, quarenta e quatro pe\u00f5es disputam vaga para o rodeio profissional que come\u00e7a na pr\u00f3xima quinta-feira( 9 ). Para o rodeio foi contratado o melhor time de locutores: Valtinho dos Santos, Gleydson Rodrigues, Marcos Vinicius, e Barra Mansa.<\/p>\n<figure id=\"attachment_4661\" aria-describedby=\"caption-attachment-4661\" style=\"width: 250px\" class=\"wp-caption aligncenter\"><a href=\"https:\/\/migracao.redenoticia.com.br\/noticia\/imagens\/\/Cesar-Menotti-e-Fabiano-em-Ji-Parana.jpg\"><img loading=\"lazy\" decoding=\"async\" class=\"size-medium wp-image-4661\" title=\"Cesar Menotti e Fabiano em Ji-Parana\" src=\"https:\/\/migracao.redenoticia.com.br\/noticia\/imagens\/\/Cesar-Menotti-e-Fabiano-em-Ji-Parana-250x167.jpg\" alt=\"Cesar Menotti e Fabiano cantam seus sucessos na 30\u00b0 Expojipa\" width=\"250\" height=\"167\" srcset=\"https:\/\/migracao.redenoticia.com.br\/noticia\/imagens\/Cesar-Menotti-e-Fabiano-em-Ji-Parana-250x167.jpg 250w, https:\/\/migracao.redenoticia.com.br\/noticia\/imagens\/Cesar-Menotti-e-Fabiano-em-Ji-Parana-150x100.jpg 150w, https:\/\/migracao.redenoticia.com.br\/noticia\/imagens\/Cesar-Menotti-e-Fabiano-em-Ji-Parana.jpg 388w\" sizes=\"auto, (max-width: 250px) 100vw, 250px\" \/><\/a><figcaption id=\"caption-attachment-4661\" class=\"wp-caption-text\">Cesar Menotti e Fabiano cantam seus sucessos na 30\u00b0 Expojipa<\/figcaption><\/figure>\n<p>Cerca de 30 mil pessoas, assistiram ao show de abertura da 30\u00aa Expojipa, com C\u00e9sar Menotti e Fabiano. Durante a apresenta\u00e7\u00e3o,a dupla cantou seus maiores sucesso: Ciumenta, Caso por Acaso, Como um Anjo e Leil\u00e3o.\u00a0 A programa\u00e7\u00e3o ainda reserva ainda shows com Th\u00ea Garotos (9), Fernando e Sorocaba (10) e NXZero (11).<\/p>\n","protected":false},"excerpt":{"rendered":"<p>A cerim\u00f4nia de abertura da 30\u00aa Exposi\u00e7\u00e3o Agropecu\u00e1ria Industrial e Comercial, Expojipa, em Ji-Paran\u00e1 &#8211; RO &#8211; \u00a0foi realizada na arena de rodeio com a presen\u00e7a de v\u00e1rias autoridades. Durante a solenidade foi mostrado em um tel\u00e3o a nova estrutura da arena de rodeio que ser\u00e1 constru\u00edda no parque de Exposi\u00e7\u00f5es. Tamb\u00e9m foi assinado um [&hellip;]<\/p>\n","protected":false},"author":2,"featured_media":0,"comment_status":"open","ping_status":"open","sticky":false,"template":"","format":"standard","meta":{"tdm_status":"","tdm_grid_status":"","footnotes":""},"categories":[22],"tags":[],"class_list":{"0":"post-4659","1":"post","2":"type-post","3":"status-publish","4":"format-standard","6":"category-brasil"},"_links":{"self":[{"href":"https:\/\/migracao.redenoticia.com.br\/noticia\/wp-json\/wp\/v2\/posts\/4659","targetHints":{"allow":["GET"]}}],"collection":[{"href":"https:\/\/migracao.redenoticia.com.br\/noticia\/wp-json\/wp\/v2\/posts"}],"about":[{"href":"https:\/\/migracao.redenoticia.com.br\/noticia\/wp-json\/wp\/v2\/types\/post"}],"author":[{"embeddable":true,"href":"https:\/\/migracao.redenoticia.com.br\/noticia\/wp-json\/wp\/v2\/users\/2"}],"replies":[{"embeddable":true,"href":"https:\/\/migracao.redenoticia.com.br\/noticia\/wp-json\/wp\/v2\/comments?post=4659"}],"version-history":[{"count":0,"href":"https:\/\/migracao.redenoticia.com.br\/noticia\/wp-json\/wp\/v2\/posts\/4659\/revisions"}],"wp:attachment":[{"href":"https:\/\/migracao.redenoticia.com.br\/noticia\/wp-json\/wp\/v2\/media?parent=4659"}],"wp:term":[{"taxonomy":"category","embeddable":true,"href":"https:\/\/migracao.redenoticia.com.br\/noticia\/wp-json\/wp\/v2\/categories?post=4659"},{"taxonomy":"post_tag","embeddable":true,"href":"https:\/\/migracao.redenoticia.com.br\/noticia\/wp-json\/wp\/v2\/tags?post=4659"}],"curies":[{"name":"wp","href":"https:\/\/api.w.org\/{rel}","templated":true}]}}