{"id":46600,"date":"2013-08-28T00:16:18","date_gmt":"2013-08-28T03:16:18","guid":{"rendered":"http:\/\/www.redenoticia.com.br\/noticia\/?p=46600"},"modified":"2013-08-28T00:22:30","modified_gmt":"2013-08-28T03:22:30","slug":"a-fazenda-votacao-em-denise-ou-paulo-movimenta-as-enquetes","status":"publish","type":"post","link":"https:\/\/migracao.redenoticia.com.br\/noticia\/2013\/a-fazenda-votacao-em-denise-ou-paulo-movimenta-as-enquetes\/46600","title":{"rendered":"A Fazenda &#8211; vota\u00e7\u00e3o em Denise ou Paulo movimentou as enquetes"},"content":{"rendered":"<p><em><strong><a href=\"https:\/\/migracao.redenoticia.com.br\/noticia\/imagens\/a-fazenda.jpg\"><img loading=\"lazy\" decoding=\"async\" class=\"alignleft size-medium wp-image-17419\" alt=\"a fazenda\" src=\"https:\/\/migracao.redenoticia.com.br\/noticia\/imagens\/a-fazenda-250x160.jpg\" width=\"250\" height=\"160\" srcset=\"https:\/\/migracao.redenoticia.com.br\/noticia\/imagens\/a-fazenda-250x160.jpg 250w, https:\/\/migracao.redenoticia.com.br\/noticia\/imagens\/a-fazenda-150x96.jpg 150w, https:\/\/migracao.redenoticia.com.br\/noticia\/imagens\/a-fazenda.jpg 300w\" sizes=\"auto, (max-width: 250px) 100vw, 250px\" \/><\/a>A Fazenda<\/strong>\u00a0<\/em>&#8211; na noite de ter\u00e7a-feira (27) Paulo Nunes foi eliminado de A Fazenda por ter recebido apenas 41% dos votos v\u00e1lidos. Denise Rocha\u00a0recebeu 59% dos votos para permanecer no programa. A vota\u00e7\u00e3o come\u00e7ou\u00a0na\u00a0noite do domingo (25), quando n\u00e3o aconteceu a Prova do Fazendeiro entre\u00a0Denise Rocha, Beto Malfacini e Paulo Nunes.\u00a0Mateus Verdelho revelou o Poder da Arca. Ele leu o envelope e anunciou a sua tarefa de indicar o Fazendeiro da Semana. Mateus escolheu\u00a0Beto Malfacini.\u00a0Denise Rocha e Paulo Nunes\u00a0disputaram a prefer\u00eancia do p\u00fablico para continuarem em A Fazenda. A disputa na\u00a0<em><strong>vota\u00e7\u00e3o<\/strong><\/em>\u00a0da enquete de diversos portais come\u00e7ou acirrada. Na\u00a0<em><strong>enquete<\/strong><\/em>\u00a0UOL: &#8220;Denise e Paulo Nunes est\u00e3o na ro\u00e7a. Quem deve ficar na Fazenda?&#8221;<br \/>\n&#8211; 26\/08, 01h03, 62% Denise Rocha, 38% Paulo Nunes.<br \/>\n&#8211; 26\/08, 10h40, 50% Denise Rocha, 50% Paulo Nunes.<br \/>\n&#8211; 26\/08, 19h55, 50% Denise Rocha, 50% Paulo Nunes.<br \/>\n&#8211; 27\/08, 21h27, 52% Denise Rocha, 48% Paulo Nunes.<\/p>\n<p>O voto v\u00e1lido foi registrado no portal oficial do programa A Fazenda Rede Record.<\/p>\n<p>A elimina\u00e7\u00e3o aconteceu na noite de ter\u00e7a-feira, 27\/08.<\/p>\n<p>Rede Record A Fazenda<\/p>\n<p>&#8212;<\/p>\n<p>Como foi a vota\u00e7\u00e3o da ro\u00e7a:\u00a0B\u00e1rbara Evans ganhou imunidade pelo voto do p\u00fablico. Denise Rocha e Yani de Simone n\u00e3o foram eliminadas nesta semana e desceram para o celeiro. O destino delas ficou nas m\u00e3os dos pe\u00f5es, que votaram para salvar uma delas no final da vota\u00e7\u00e3o aberta. Como Fazendeira Andressa Urach\u00a0indicou Beto Malfacini para compor a Ro\u00e7a da Semana. Na vota\u00e7\u00e3o aberta<br \/>\nGominho, Yudi Tamashiro, B\u00e1rbara Evans e Beto Malfacini votaram no Paulo Nunes. Mulher Fil\u00e9 e Denise Rocha votaram no Mateus Verdelho, que votou no Paulo Nunes, que votou no Gominho. Marcos Oliver votou no Yudi Tamashiro. Yani de Simone foi salva com os votos de Paulo, Andressa, B\u00e1rbara, Beto, Gominho, Marcos, Mateus e Yudi. Denise Rocha ficou na Ro\u00e7a.<\/p>\n","protected":false},"excerpt":{"rendered":"<p>A Fazenda\u00a0&#8211; na noite de ter\u00e7a-feira (27) Paulo Nunes foi eliminado de A Fazenda por ter recebido apenas 41% dos votos v\u00e1lidos. Denise Rocha\u00a0recebeu 59% dos votos para permanecer no programa. A vota\u00e7\u00e3o come\u00e7ou\u00a0na\u00a0noite do domingo (25), quando n\u00e3o aconteceu a Prova do Fazendeiro entre\u00a0Denise Rocha, Beto Malfacini e Paulo Nunes.\u00a0Mateus Verdelho revelou o Poder [&hellip;]<\/p>\n","protected":false},"author":2,"featured_media":17419,"comment_status":"open","ping_status":"closed","sticky":false,"template":"","format":"standard","meta":{"tdm_status":"","tdm_grid_status":"","footnotes":""},"categories":[406,371,343],"tags":[],"class_list":{"0":"post-46600","1":"post","2":"type-post","3":"status-publish","4":"format-standard","5":"has-post-thumbnail","7":"category-a-fazenda","8":"category-rede-record","9":"category-televisao"},"_links":{"self":[{"href":"https:\/\/migracao.redenoticia.com.br\/noticia\/wp-json\/wp\/v2\/posts\/46600","targetHints":{"allow":["GET"]}}],"collection":[{"href":"https:\/\/migracao.redenoticia.com.br\/noticia\/wp-json\/wp\/v2\/posts"}],"about":[{"href":"https:\/\/migracao.redenoticia.com.br\/noticia\/wp-json\/wp\/v2\/types\/post"}],"author":[{"embeddable":true,"href":"https:\/\/migracao.redenoticia.com.br\/noticia\/wp-json\/wp\/v2\/users\/2"}],"replies":[{"embeddable":true,"href":"https:\/\/migracao.redenoticia.com.br\/noticia\/wp-json\/wp\/v2\/comments?post=46600"}],"version-history":[{"count":0,"href":"https:\/\/migracao.redenoticia.com.br\/noticia\/wp-json\/wp\/v2\/posts\/46600\/revisions"}],"wp:featuredmedia":[{"embeddable":true,"href":"https:\/\/migracao.redenoticia.com.br\/noticia\/wp-json\/wp\/v2\/media\/17419"}],"wp:attachment":[{"href":"https:\/\/migracao.redenoticia.com.br\/noticia\/wp-json\/wp\/v2\/media?parent=46600"}],"wp:term":[{"taxonomy":"category","embeddable":true,"href":"https:\/\/migracao.redenoticia.com.br\/noticia\/wp-json\/wp\/v2\/categories?post=46600"},{"taxonomy":"post_tag","embeddable":true,"href":"https:\/\/migracao.redenoticia.com.br\/noticia\/wp-json\/wp\/v2\/tags?post=46600"}],"curies":[{"name":"wp","href":"https:\/\/api.w.org\/{rel}","templated":true}]}}