{"id":46623,"date":"2013-08-26T20:59:53","date_gmt":"2013-08-26T23:59:53","guid":{"rendered":"http:\/\/www.redenoticia.com.br\/noticia\/?p=46623"},"modified":"2013-08-27T21:26:23","modified_gmt":"2013-08-28T00:26:23","slug":"inscricoes-ufscar-para-pos-em-ciencia-tecnologia-e-sociedade","status":"publish","type":"post","link":"https:\/\/migracao.redenoticia.com.br\/noticia\/2013\/inscricoes-ufscar-para-pos-em-ciencia-tecnologia-e-sociedade\/46623","title":{"rendered":"Inscri\u00e7\u00f5es UFSCar para p\u00f3s em Ci\u00eancia, Tecnologia e Sociedade"},"content":{"rendered":"<p>Ag\u00eancia FAPESP\u00a0\u2013 A Universidade Federal de S\u00e3o Carlos (UFSCar) est\u00e1 com inscri\u00e7\u00f5es abertas, at\u00e9 6 de setembro, para o Programa de <em><strong>P\u00f3s-gradua\u00e7\u00e3o em Ci\u00eancia, Tecnologia e Sociedade<\/strong><\/em>.\u00a0Ser\u00e3o disponibilizadas 36 vagas: 22 no mestrado e 14 no doutorado. N\u00e3o h\u00e1, por\u00e9m, a obrigatoriedade de preencher todas as vagas.<\/p>\n<p>Os interessados em participar do programa de p\u00f3s devem escolher uma das tr\u00eas linhas de pesquisa: dimens\u00f5es sociais da ci\u00eancia e da tecnologia; gest\u00e3o tecnol\u00f3gica e sociedade sustent\u00e1vel; ou linguagens, comunica\u00e7\u00e3o e ci\u00eancia.<\/p>\n<p>Os processo seletivo \u00e9 composto por seis etapas. As cinco primeiras s\u00e3o eliminat\u00f3rias e exigem que o candidato tenha nota m\u00ednima 7 em cada uma delas. Somente a \u00faltima etapa \u00e9 classificat\u00f3ria e envolve a an\u00e1lise do curr\u00edculo Lattes.<\/p>\n<p>A primeira etapa \u00e9 uma pr\u00e9-sele\u00e7\u00e3o e consiste na an\u00e1lise da documenta\u00e7\u00e3o, do projeto de pesquisa, do curr\u00edculo e da possibilidade de orienta\u00e7\u00e3o pelo corpo docente do programa.<\/p>\n<p>Na segunda etapa, ser\u00e1 feita a an\u00e1lise do projeto de pesquisa na qual ser\u00e3o considerados dez crit\u00e9rios, entre eles a explicita\u00e7\u00e3o da relev\u00e2ncia do problema de pesquisa, defini\u00e7\u00e3o dos objetivos da pesquisa e adequa\u00e7\u00e3o do m\u00e9todo ao objetivo.<\/p>\n<p>O exame de profici\u00eancia em ingl\u00eas (ou l\u00edngua portuguesa para estrangeiros) faz parte da terceira etapa da sele\u00e7\u00e3o. Os candidatos ser\u00e3o submetidos a uma prova de quest\u00f5es objetivas de m\u00faltipla escolha, com base em textos da \u00e1rea de ci\u00eancia, tecnologia e sociedade.<\/p>\n<p>A quarta etapa envolve a prova de conhecimentos gerais e espec\u00edficos e ser\u00e1 composta de 10 quest\u00f5es objetivas baseadas na bibliografia geral e outras duas quest\u00f5es dissertativas referentes \u00e0 bibliografia da linha de pesquisa escolhida.<\/p>\n<p>Na quinta fase o candidato far\u00e1 a prova de argui\u00e7\u00e3o oral e dever\u00e1 responder a quest\u00f5es relacionadas ao projeto proposto, demonstrando, entre outros pontos, familiaridade com a atividade de pesquisa.<\/p>\n<p>Por fim, a an\u00e1lise do curr\u00edculo Lattes conclui o processo, na qual ser\u00e3o avaliados a produ\u00e7\u00e3o cient\u00edfica e os projetos de pesquisa apresentados pelo candidato.<\/p>\n<p>O edital completo pode ser conferido em\u00a0<a href=\"http:\/\/www.ppgcts.ufscar.br\/\" target=\"_blank\">www.ppgcts.ufscar.br\/<\/a><\/p>\n","protected":false},"excerpt":{"rendered":"<p>Ag\u00eancia FAPESP\u00a0\u2013 A Universidade Federal de S\u00e3o Carlos (UFSCar) est\u00e1 com inscri\u00e7\u00f5es abertas, at\u00e9 6 de setembro, para o Programa de P\u00f3s-gradua\u00e7\u00e3o em Ci\u00eancia, Tecnologia e Sociedade.\u00a0Ser\u00e3o disponibilizadas 36 vagas: 22 no mestrado e 14 no doutorado. N\u00e3o h\u00e1, por\u00e9m, a obrigatoriedade de preencher todas as vagas. Os interessados em participar do programa de p\u00f3s [&hellip;]<\/p>\n","protected":false},"author":2,"featured_media":36248,"comment_status":"open","ping_status":"closed","sticky":false,"template":"","format":"standard","meta":{"tdm_status":"","tdm_grid_status":"","footnotes":""},"categories":[22,351,370],"tags":[],"class_list":{"0":"post-46623","1":"post","2":"type-post","3":"status-publish","4":"format-standard","5":"has-post-thumbnail","7":"category-brasil","8":"category-cursos","9":"category-inscricao"},"_links":{"self":[{"href":"https:\/\/migracao.redenoticia.com.br\/noticia\/wp-json\/wp\/v2\/posts\/46623","targetHints":{"allow":["GET"]}}],"collection":[{"href":"https:\/\/migracao.redenoticia.com.br\/noticia\/wp-json\/wp\/v2\/posts"}],"about":[{"href":"https:\/\/migracao.redenoticia.com.br\/noticia\/wp-json\/wp\/v2\/types\/post"}],"author":[{"embeddable":true,"href":"https:\/\/migracao.redenoticia.com.br\/noticia\/wp-json\/wp\/v2\/users\/2"}],"replies":[{"embeddable":true,"href":"https:\/\/migracao.redenoticia.com.br\/noticia\/wp-json\/wp\/v2\/comments?post=46623"}],"version-history":[{"count":0,"href":"https:\/\/migracao.redenoticia.com.br\/noticia\/wp-json\/wp\/v2\/posts\/46623\/revisions"}],"wp:featuredmedia":[{"embeddable":true,"href":"https:\/\/migracao.redenoticia.com.br\/noticia\/wp-json\/wp\/v2\/media\/36248"}],"wp:attachment":[{"href":"https:\/\/migracao.redenoticia.com.br\/noticia\/wp-json\/wp\/v2\/media?parent=46623"}],"wp:term":[{"taxonomy":"category","embeddable":true,"href":"https:\/\/migracao.redenoticia.com.br\/noticia\/wp-json\/wp\/v2\/categories?post=46623"},{"taxonomy":"post_tag","embeddable":true,"href":"https:\/\/migracao.redenoticia.com.br\/noticia\/wp-json\/wp\/v2\/tags?post=46623"}],"curies":[{"name":"wp","href":"https:\/\/api.w.org\/{rel}","templated":true}]}}