{"id":46635,"date":"2013-08-26T20:53:53","date_gmt":"2013-08-26T23:53:53","guid":{"rendered":"http:\/\/www.redenoticia.com.br\/noticia\/?p=46635"},"modified":"2013-08-26T20:53:53","modified_gmt":"2013-08-26T23:53:53","slug":"estudantes-devem-conferir-dados-de-inscricao-no-enade","status":"publish","type":"post","link":"https:\/\/migracao.redenoticia.com.br\/noticia\/2013\/estudantes-devem-conferir-dados-de-inscricao-no-enade\/46635","title":{"rendered":"Estudantes devem conferir dados de inscri\u00e7\u00e3o no Enade"},"content":{"rendered":"<p>Bras\u00edlia &#8211; Os inscritos no Exame Nacional de Desempenho dos Estudantes (<em><strong>Enade<\/strong><\/em>) de 2013 t\u00eam at\u00e9 sexta-feira (30) para conferir os dados cadastrados pelas institui\u00e7\u00f5es de ensino na\u00a0<a href=\"http:\/\/enadeies.inep.gov.br\/enadeIes\/consultarEstudanteInscrito\/\" target=\"_blank\">p\u00e1gina no exame<\/a>. Caso seja necess\u00e1ria alguma corre\u00e7\u00e3o, os estudantes devem procurar as pr\u00f3prias institui\u00e7\u00f5es, respons\u00e1veis pelas inscri\u00e7\u00f5es. A prova ser\u00e1 aplicada no dia 24 de novembro.<\/p>\n<p>O Enade tem o objetivo de medir o rendimento dos alunos dos cursos de gradua\u00e7\u00e3o quanto aos conte\u00fados program\u00e1ticos, \u00e0s suas habilidades e compet\u00eancias. Ele \u00e9 usado para compor o Conceito Preliminar de Curso (CPC), que mede a qualidade dos cursos em uma escala de 1 a 5. Os resultados 1 e 2 s\u00e3o considerados insatisfat\u00f3rios, o 3, razo\u00e1vel, e o 4 e 5, bons. A avalia\u00e7\u00e3o \u00e9 feita a cada tr\u00eas anos.<\/p>\n<p>O exame \u00e9 obrigat\u00f3rio. Caso o estudante selecionado n\u00e3o compare\u00e7a na data da prova, ele n\u00e3o poder\u00e1 receber o diploma nem receber o registro de regularidade do hist\u00f3rico escolar.<\/p>\n<p>Nesta edi\u00e7\u00e3o do Enade, ser\u00e1 avaliado o desempenho dos estudantes de bacharelado em agronomia, biomedicina, educa\u00e7\u00e3o f\u00edsica, enfermagem, farm\u00e1cia, fisioterapia, fonoaudiologia, medicina, medicina veterin\u00e1ria, nutri\u00e7\u00e3o, odontologia, servi\u00e7o social e zootecnia. O exame tamb\u00e9m avaliar\u00e1 os cursos de tecn\u00f3logo em agroneg\u00f3cio, gest\u00e3o hospitalar, gest\u00e3o ambiental e radiologia.<\/p>\n<p>Devem fazer o exame os concluintes dos cursos de bacharelado que tenham expectativa de terminar o curso at\u00e9 julho de 2014, os estudantes de bacharelado que tiverem conclu\u00eddo mais de 80% da carga hor\u00e1ria m\u00ednima do curr\u00edculo do curso at\u00e9 o fim do per\u00edodo de inscri\u00e7\u00e3o, os estudantes de cursos superiores de tecnologia com expectativa de conclus\u00e3o at\u00e9 dezembro de 2013 e os estudantes de cursos superiores de tecnologia que tiverem mais de 75% da carga hor\u00e1ria m\u00ednima do curr\u00edculo at\u00e9 o fim do per\u00edodo de inscri\u00e7\u00e3o.<\/p>\n<p>Mariana Tokarnia<br \/>\nRep\u00f3rter da Ag\u00eancia Brasil<br \/>\nEdi\u00e7\u00e3o: Juliana Andrade<\/p>\n","protected":false},"excerpt":{"rendered":"<p>Bras\u00edlia &#8211; Os inscritos no Exame Nacional de Desempenho dos Estudantes (Enade) de 2013 t\u00eam at\u00e9 sexta-feira (30) para conferir os dados cadastrados pelas institui\u00e7\u00f5es de ensino na\u00a0p\u00e1gina no exame. Caso seja necess\u00e1ria alguma corre\u00e7\u00e3o, os estudantes devem procurar as pr\u00f3prias institui\u00e7\u00f5es, respons\u00e1veis pelas inscri\u00e7\u00f5es. A prova ser\u00e1 aplicada no dia 24 de novembro. O [&hellip;]<\/p>\n","protected":false},"author":2,"featured_media":25080,"comment_status":"open","ping_status":"closed","sticky":false,"template":"","format":"standard","meta":{"tdm_status":"","tdm_grid_status":"","footnotes":""},"categories":[22],"tags":[],"class_list":{"0":"post-46635","1":"post","2":"type-post","3":"status-publish","4":"format-standard","5":"has-post-thumbnail","7":"category-brasil"},"_links":{"self":[{"href":"https:\/\/migracao.redenoticia.com.br\/noticia\/wp-json\/wp\/v2\/posts\/46635","targetHints":{"allow":["GET"]}}],"collection":[{"href":"https:\/\/migracao.redenoticia.com.br\/noticia\/wp-json\/wp\/v2\/posts"}],"about":[{"href":"https:\/\/migracao.redenoticia.com.br\/noticia\/wp-json\/wp\/v2\/types\/post"}],"author":[{"embeddable":true,"href":"https:\/\/migracao.redenoticia.com.br\/noticia\/wp-json\/wp\/v2\/users\/2"}],"replies":[{"embeddable":true,"href":"https:\/\/migracao.redenoticia.com.br\/noticia\/wp-json\/wp\/v2\/comments?post=46635"}],"version-history":[{"count":0,"href":"https:\/\/migracao.redenoticia.com.br\/noticia\/wp-json\/wp\/v2\/posts\/46635\/revisions"}],"wp:featuredmedia":[{"embeddable":true,"href":"https:\/\/migracao.redenoticia.com.br\/noticia\/wp-json\/wp\/v2\/media\/25080"}],"wp:attachment":[{"href":"https:\/\/migracao.redenoticia.com.br\/noticia\/wp-json\/wp\/v2\/media?parent=46635"}],"wp:term":[{"taxonomy":"category","embeddable":true,"href":"https:\/\/migracao.redenoticia.com.br\/noticia\/wp-json\/wp\/v2\/categories?post=46635"},{"taxonomy":"post_tag","embeddable":true,"href":"https:\/\/migracao.redenoticia.com.br\/noticia\/wp-json\/wp\/v2\/tags?post=46635"}],"curies":[{"name":"wp","href":"https:\/\/api.w.org\/{rel}","templated":true}]}}